{"id":20852,"date":"2025-05-07T13:00:46","date_gmt":"2025-05-07T11:00:46","guid":{"rendered":"https:\/\/www.slow-tourisme-lab.fr\/?p=20852"},"modified":"2025-09-25T09:05:52","modified_gmt":"2025-09-25T07:05:52","slug":"fabienne-voyage-nature","status":"publish","type":"post","link":"https:\/\/www.slow-tourisme-lab.fr\/fr\/fabienne-voyage-nature\/","title":{"rendered":"Fabienne Voyage Nature"},"content":{"rendered":"<div class=\"wpb-content-wrapper\"><p>[vc_row css_animation=\u00a0\u00bb\u00a0\u00bb row_type=\u00a0\u00bbrow\u00a0\u00bb use_row_as_full_screen_section=\u00a0\u00bbno\u00a0\u00bb type=\u00a0\u00bbfull_width\u00a0\u00bb angled_section=\u00a0\u00bbno\u00a0\u00bb text_align=\u00a0\u00bbleft\u00a0\u00bb background_image_as_pattern=\u00a0\u00bbwithout_pattern\u00a0\u00bb][vc_column width=\u00a0\u00bb2\/3&Prime;][vc_column_text css=\u00a0\u00bb\u00a0\u00bb]<\/p>\n<h3>Fabienne Voyage Nature : Voyager autrement, durablement, avec humanit\u00e9<\/h3>\n<p>[\/vc_column_text][vc_column_text css=\u00a0\u00bb\u00a0\u00bb]<strong>Le Slow Tourisme Lab s\u2019est entretenu avec <a href=\"https:\/\/www.linkedin.com\/in\/fabienne-herard-63199551\/?originalSubdomain=fr\" target=\"_blank\" rel=\"noopener\">Fabienne H\u00e9rard<\/a>, fondatrice de Fabienne Voyage Nature\u00a0<\/strong><\/p>\n<p>&nbsp;<\/p>\n<hr \/>\n<p>[\/vc_column_text][\/vc_column][vc_column width=\u00a0\u00bb1\/3&Prime;][vc_single_image image=\u00a0\u00bb20877&Prime; img_size=\u00a0\u00bbmedium\u00a0\u00bb alignment=\u00a0\u00bbcenter\u00a0\u00bb style=\u00a0\u00bbvc_box_shadow\u00a0\u00bb onclick=\u00a0\u00bbcustom_link\u00a0\u00bb img_link_target=\u00a0\u00bb_blank\u00a0\u00bb css=\u00a0\u00bb\u00a0\u00bb qode_css_animation=\u00a0\u00bb\u00a0\u00bb][\/vc_column][\/vc_row][vc_row css_animation=\u00a0\u00bb\u00a0\u00bb row_type=\u00a0\u00bbrow\u00a0\u00bb use_row_as_full_screen_section=\u00a0\u00bbno\u00a0\u00bb type=\u00a0\u00bbfull_width\u00a0\u00bb angled_section=\u00a0\u00bbno\u00a0\u00bb text_align=\u00a0\u00bbleft\u00a0\u00bb background_image_as_pattern=\u00a0\u00bbwithout_pattern\u00a0\u00bb][vc_column][vc_column_text css=\u00a0\u00bb\u00a0\u00bb]<\/p>\n<h2 class=\"\" data-start=\"280\" data-end=\"337\">Une vision du voyage ancr\u00e9e dans l&rsquo;humain et la nature<\/h2>\n<p>&nbsp;<\/p>\n<p class=\"\" data-start=\"339\" data-end=\"732\">Dans un monde o\u00f9 l\u2019on parle plus souvent de rapidit\u00e9 que de lenteur, de destinations tendances que d\u2019exp\u00e9riences de sens, <strong data-start=\"461\" data-end=\"480\">Fabienne H\u00e9rard<\/strong> incarne une autre voie : celle du <strong data-start=\"515\" data-end=\"569\">voyage durable, authentique et profond\u00e9ment humain<\/strong>. Fondatrice de <strong data-start=\"585\" data-end=\"611\">Fabienne Voyage Nature<\/strong>, cette entrepreneure passionn\u00e9e propose des escapades pens\u00e9es pour reconnecter les individus \u00e0 la nature et \u00e0 eux-m\u00eames.<\/p>\n<p class=\"\" data-start=\"734\" data-end=\"1141\">\u00c0 travers son entreprise, Fabienne r\u00e9pond \u00e0 un constat clair : organiser un voyage peut \u00eatre une charge mentale lourde, notamment pour les femmes, souvent responsables de la planification familiale. Elle s\u2019adresse prioritairement aux femmes actives en qu\u00eate de libert\u00e9 et de simplicit\u00e9, en leur proposant des <strong data-start=\"1043\" data-end=\"1069\">prestations sur mesure<\/strong> pour des voyages plus respectueux de l\u2019environnement\u2026 et d\u2019elles-m\u00eames.<\/p>\n<p>[\/vc_column_text][vc_empty_space][vc_column_text css=\u00a0\u00bb\u00a0\u00bb]<\/p>\n<h2 class=\"\" data-start=\"1143\" data-end=\"1192\">Une d\u00e9marche \u00e9coresponsable au c\u0153ur de l\u2019offre<\/h2>\n<p>&nbsp;<\/p>\n<p class=\"\" data-start=\"1194\" data-end=\"1540\">Selon Fabienne, <strong data-start=\"1210\" data-end=\"1232\">80 % des voyageurs<\/strong> int\u00e8grent d\u00e9sormais l\u2019impact environnemental dans leurs d\u00e9cisions. Elle propose ainsi des voyages <strong data-start=\"1331\" data-end=\"1345\">itin\u00e9rants<\/strong> et <strong data-start=\"1349\" data-end=\"1366\">personnalis\u00e9s<\/strong>, pens\u00e9s comme si c\u2019\u00e9tait pour elle ou ses proches. Confort, s\u00e9curit\u00e9, \u00e9cologie et immersion locale sont les piliers de chaque carnet de voyage qu\u2019elle remet \u00e0 ses clientes.<\/p>\n<p class=\"\" data-start=\"1542\" data-end=\"1789\">Fabienne choisit avec soin des <strong data-start=\"1573\" data-end=\"1596\">prestataires locaux<\/strong>, des h\u00e9bergements \u00e0 taille humaine, des restaurants pris\u00e9s par les habitants, et recommande souvent de <strong data-start=\"1700\" data-end=\"1737\">privil\u00e9gier le train ou la marche<\/strong>, pour d\u00e9couvrir \u00e0 un autre rythme, celui du vivant.<\/p>\n<p>[\/vc_column_text][vc_empty_space][vc_single_image image=\u00a0\u00bb20857&Prime; img_size=\u00a0\u00bbMedium\u00a0\u00bb alignment=\u00a0\u00bbcenter\u00a0\u00bb style=\u00a0\u00bbvc_box_shadow\u00a0\u00bb css=\u00a0\u00bb\u00a0\u00bb qode_css_animation=\u00a0\u00bb\u00a0\u00bb][\/vc_column][\/vc_row][vc_row css_animation=\u00a0\u00bb\u00a0\u00bb row_type=\u00a0\u00bbrow\u00a0\u00bb use_row_as_full_screen_section=\u00a0\u00bbno\u00a0\u00bb type=\u00a0\u00bbfull_width\u00a0\u00bb angled_section=\u00a0\u00bbno\u00a0\u00bb text_align=\u00a0\u00bbleft\u00a0\u00bb background_image_as_pattern=\u00a0\u00bbwithout_pattern\u00a0\u00bb][vc_column][vc_column_text css=\u00a0\u00bb\u00a0\u00bb]<\/p>\n<h2 class=\"\" data-start=\"1791\" data-end=\"1848\">Une entrepreneure engag\u00e9e au sein du Slow Tourisme Lab<\/h2>\n<p>&nbsp;<\/p>\n<p class=\"\" data-start=\"1850\" data-end=\"2235\">Rejoindre le <strong data-start=\"1863\" data-end=\"1884\">Slow Tourisme Lab<\/strong> a \u00e9t\u00e9 pour Fabienne une \u00e9vidence. \u00ab C\u2019est une chance pour moi d\u2019avoir un incubateur ici, dans mon d\u00e9partement de l\u2019Aube \u00bb, confie-t-elle. Cet accompagnement lui permet de rencontrer d\u2019autres porteurs de projets engag\u00e9s, de <strong data-start=\"2108\" data-end=\"2151\">faire grandir son r\u00e9seau de partenaires<\/strong> et de consolider sa vision d\u2019un <strong data-start=\"2184\" data-end=\"2234\">tourisme plus doux, plus juste et plus durable<\/strong>.<\/p>\n<blockquote>\n<p class=\"\" data-start=\"1850\" data-end=\"2235\"><em>Cerise sur le gateau Fabienne Voyage Nature est la 100\u00e8me entreprise accompagn\u00e9e par le Slow Tourisme Lab depuis ses d\u00e9but en 2017<\/em><\/p>\n<\/blockquote>\n<p class=\"\" data-start=\"2237\" data-end=\"2435\">Le <strong data-start=\"2240\" data-end=\"2261\">Slow Tourisme Lab<\/strong> soutient des initiatives comme la sienne : sinc\u00e8res, innovantes, \u00e0 impact. Fabienne y trouve un cadre propice \u00e0 l\u2019\u00e9change, \u00e0 l\u2019exp\u00e9rimentation, et \u00e0 la croissance raisonn\u00e9e.<\/p>\n<h3>Regardez la vid\u00e9o ici \ud83d\udc47<\/h3>\n<p>[\/vc_column_text][vc_empty_space][\/vc_column][\/vc_row][vc_row css_animation=\u00a0\u00bb\u00a0\u00bb row_type=\u00a0\u00bbrow\u00a0\u00bb use_row_as_full_screen_section=\u00a0\u00bbno\u00a0\u00bb type=\u00a0\u00bbfull_width\u00a0\u00bb angled_section=\u00a0\u00bbno\u00a0\u00bb text_align=\u00a0\u00bbleft\u00a0\u00bb background_image_as_pattern=\u00a0\u00bbwithout_pattern\u00a0\u00bb][vc_column][vc_video link=\u00a0\u00bbhttps:\/\/www.youtube.com\/watch?v=Tjdjb0MaJno&amp;feature=youtu.be\u00a0\u00bb align=\u00a0\u00bbcenter\u00a0\u00bb css=\u00a0\u00bb\u00a0\u00bb][vc_empty_space][vc_column_text css=\u00a0\u00bb\u00a0\u00bb]<\/p>\n<h2 class=\"\" data-start=\"2437\" data-end=\"2487\">Une offre claire, transparente et personnalis\u00e9e<\/h2>\n<p>&nbsp;<\/p>\n<p class=\"\" data-start=\"2489\" data-end=\"2924\">Fabienne ne vend pas de voyages \u00ab packag\u00e9s \u00bb. Elle propose des <strong data-start=\"2552\" data-end=\"2575\">conseils sur-mesure<\/strong>, assortis d\u2019un <strong data-start=\"2591\" data-end=\"2621\">carnet de voyage num\u00e9rique<\/strong> dans lequel figurent toutes les suggestions (transports, h\u00e9bergements, activit\u00e9s), que le client r\u00e9serve lui-m\u00eame en toute autonomie. Cette approche flexible, \u00e9conomique et respectueuse des r\u00e8glementations, est pr\u00e9cis\u00e9e dans des <strong data-start=\"2851\" data-end=\"2896\">conditions g\u00e9n\u00e9rales de vente rigoureuses<\/strong> et des devis personnalis\u00e9s.<\/p>\n<p class=\"\" data-start=\"2926\" data-end=\"3131\">Que vous r\u00eaviez d\u2019un <strong data-start=\"2947\" data-end=\"2973\">court s\u00e9jour en France<\/strong> ou d\u2019un p\u00e9riple dans les <strong data-start=\"2999\" data-end=\"3019\">pays limitrophes<\/strong>, elle vous aide \u00e0 d\u00e9finir vos envies, puis \u00e0 construire une exp\u00e9rience coh\u00e9rente, respectueuse, \u00e0 votre rythme.<\/p>\n<p>[\/vc_column_text][vc_empty_space][vc_column_text css=\u00a0\u00bb\u00a0\u00bb]<\/p>\n<h2 class=\"\" data-start=\"3133\" data-end=\"3204\">Fabienne, plus qu&rsquo;une cr\u00e9atrice de voyages, une semeuse de possibles<\/h2>\n<p>&nbsp;<\/p>\n<p class=\"\" data-start=\"3206\" data-end=\"3494\">Au-del\u00e0 du service, c\u2019est une <strong data-start=\"3236\" data-end=\"3258\">philosophie de vie<\/strong> que Fabienne partage avec ses clientes. Une mani\u00e8re de ralentir, de mieux consommer, de voyager en conscience. Elle agit avec une conviction simple : le durable ne devrait pas \u00eatre une alternative, mais <strong data-start=\"3462\" data-end=\"3493\">la norme de notre quotidien<\/strong>.<\/p>\n<p>[\/vc_column_text][vc_empty_space][vc_column_text css=\u00a0\u00bb\u00a0\u00bb]<\/p>\n<hr class=\"\" data-start=\"3496\" data-end=\"3499\" \/>\n<h3 data-start=\"3501\" data-end=\"3559\"><strong data-start=\"3504\" data-end=\"3559\">Envie de pr\u00e9parer votre prochain voyage autrement ?<\/strong><\/h3>\n<p class=\"\" data-start=\"3561\" data-end=\"3801\">Contactez Fabienne pour une proposition personnalis\u00e9e :<br data-start=\"3616\" data-end=\"3619\" \/><strong data-start=\"3622\" data-end=\"3640\">06 67 55 03 80<\/strong><br data-start=\"3640\" data-end=\"3643\" \/><strong data-start=\"3646\" data-end=\"3681\"><a class=\"\" href=\"mailto:contact@fabiennevoyagenature.fr\" rel=\"noopener\" data-start=\"3648\" data-end=\"3679\">contact@fabiennevoyagenature.fr<\/a><\/strong><br data-start=\"3681\" data-end=\"3684\" \/><a class=\"\" href=\"https:\/\/www.facebook.com\/people\/Fabienne-Voyage-Nature\/61569871815915\/?_rdr\" target=\"_new\" rel=\"noopener\" data-start=\"3687\" data-end=\"3801\">Fabienne Voyage Nature sur Facebook<\/a><\/p>\n<p>[\/vc_column_text][\/vc_column][\/vc_row][vc_row css_animation=\u00a0\u00bb\u00a0\u00bb row_type=\u00a0\u00bbrow\u00a0\u00bb use_row_as_full_screen_section=\u00a0\u00bbno\u00a0\u00bb type=\u00a0\u00bbfull_width\u00a0\u00bb angled_section=\u00a0\u00bbno\u00a0\u00bb text_align=\u00a0\u00bbleft\u00a0\u00bb background_image_as_pattern=\u00a0\u00bbwithout_pattern\u00a0\u00bb][vc_column][vc_zigzag][\/vc_column][\/vc_row][vc_row css_animation=\u00a0\u00bb\u00a0\u00bb row_type=\u00a0\u00bbrow\u00a0\u00bb use_row_as_full_screen_section=\u00a0\u00bbno\u00a0\u00bb type=\u00a0\u00bbfull_width\u00a0\u00bb angled_section=\u00a0\u00bbno\u00a0\u00bb text_align=\u00a0\u00bbleft\u00a0\u00bb background_image_as_pattern=\u00a0\u00bbwithout_pattern\u00a0\u00bb][vc_column][vc_raw_html css=\u00a0\u00bb\u00a0\u00bb]JTIwJTNDaWZyYW1lJTIwc3JjJTNEJTIyaHR0cHMlM0ElMkYlMkZpc3N1dS5jb20lMkZ2ZG42JTJGZG9jcyUyRmluc3RhbnRfdHJveWVuX24yOSUyRjMwJTNGZnIlM0RzTmpoak1qZ3pNekk0TURnJTIyJTIwaGVpZ2h0JTNEJTIyNTAwJTIwcHglMjIlMjB3aWR0aCUzRCUyMjk4JTI1JTIyJTIwZnJhbWVib3JkZXIlM0QlMjIwJTIyJTNFWW91ciUyMGJyb3dzZXIlMjBkb2Vzbm90JTIwc3VwcG9ydCUyMGlmcmFtZXMlM0NhJTIwaHJlZiUzRCUyMmh0dHBzJTNBJTJGJTJGaXNzdXUuY29tJTJGdmRuNiUyRmRvY3MlMkZpbnN0YW50X3Ryb3llbl9uMjklMkYzMCUzRmZyJTNEc05qaGpNamd6TXpJNE1EZyUyMiUzRSUyMEwlMjdpbnN0YW50JTIwVHJveWVuJTIwJTNDJTJGYSUzRSUzQyUyRmlmcmFtZSUzRQ==[\/vc_raw_html][vc_zigzag][\/vc_column][\/vc_row][vc_row css_animation=\u00a0\u00bb\u00a0\u00bb row_type=\u00a0\u00bbrow\u00a0\u00bb use_row_as_full_screen_section=\u00a0\u00bbno\u00a0\u00bb type=\u00a0\u00bbfull_width\u00a0\u00bb angled_section=\u00a0\u00bbno\u00a0\u00bb text_align=\u00a0\u00bbleft\u00a0\u00bb background_image_as_pattern=\u00a0\u00bbwithout_pattern\u00a0\u00bb][vc_column][vc_empty_space][vc_gallery type=\u00a0\u00bbflexslider_slide\u00a0\u00bb interval=\u00a0\u00bb15&Prime; images=\u00a0\u00bb20862,20864,20866&Prime; img_size=\u00a0\u00bbfull\u00a0\u00bb css=\u00a0\u00bb\u00a0\u00bb title=\u00a0\u00bbLes parutions de Fabienne dans l&rsquo;Instant Troyen\u00a0\u00bb][\/vc_column][\/vc_row]<\/p>\n<\/div>","protected":false},"excerpt":{"rendered":"<p>D\u00e9couvrez Fabienne Voyage Nature, une startup engag\u00e9e qui r\u00e9invente le voyage durable au f\u00e9minin avec l\u2019accompagnement du Slow Tourisme Lab, entre libert\u00e9, \u00e9coresponsabilit\u00e9 et humanit\u00e9.<\/p>\n","protected":false},"author":16,"featured_media":20880,"comment_status":"closed","ping_status":"closed","sticky":false,"template":"","format":"standard","meta":{"wds_primary_category":0,"footnotes":""},"categories":[138,139],"tags":[],"class_list":["post-20852","post","type-post","status-publish","format-standard","has-post-thumbnail","hentry","category-actualite-des-startups","category-actualite-du-slow-tourisme-lab"],"yoast_head":"<!-- This site is optimized with the Yoast SEO plugin v26.6 - https:\/\/yoast.com\/wordpress\/plugins\/seo\/ -->\n<title>Fabienne Voyage Nature - Slow Tourisme Lab<\/title>\n<meta name=\"robots\" content=\"index, follow, max-snippet:-1, max-image-preview:large, max-video-preview:-1\" \/>\n<link rel=\"canonical\" href=\"https:\/\/www.slow-tourisme-lab.fr\/fr\/fabienne-voyage-nature\/\" \/>\n<meta property=\"og:locale\" content=\"fr_FR\" \/>\n<meta property=\"og:type\" content=\"article\" \/>\n<meta property=\"og:title\" content=\"Fabienne Voyage Nature - Slow Tourisme Lab\" \/>\n<meta property=\"og:description\" content=\"D\u00e9couvrez Fabienne Voyage Nature, une startup engag\u00e9e qui r\u00e9invente le voyage durable au f\u00e9minin avec l\u2019accompagnement du Slow Tourisme Lab, entre libert\u00e9, \u00e9coresponsabilit\u00e9 et humanit\u00e9.\" \/>\n<meta property=\"og:url\" content=\"https:\/\/www.slow-tourisme-lab.fr\/fr\/fabienne-voyage-nature\/\" \/>\n<meta property=\"og:site_name\" content=\"Slow Tourisme Lab\" \/>\n<meta property=\"article:published_time\" content=\"2025-05-07T11:00:46+00:00\" \/>\n<meta property=\"article:modified_time\" content=\"2025-09-25T07:05:52+00:00\" \/>\n<meta property=\"og:image\" content=\"https:\/\/slowtourismelab-www.v3.mobylee.com\/assets\/uploads\/sites\/50\/2025\/05\/Fabienne-Voyage-Nature-3.png\" \/>\n\t<meta property=\"og:image:width\" content=\"1427\" \/>\n\t<meta property=\"og:image:height\" content=\"761\" \/>\n\t<meta property=\"og:image:type\" content=\"image\/png\" \/>\n<meta name=\"author\" content=\"Gr\u00e9gory\" \/>\n<meta name=\"twitter:card\" content=\"summary_large_image\" \/>\n<meta name=\"twitter:label1\" content=\"\u00c9crit par\" \/>\n\t<meta name=\"twitter:data1\" content=\"Gr\u00e9gory\" \/>\n\t<meta name=\"twitter:label2\" content=\"Dur\u00e9e de lecture estim\u00e9e\" \/>\n\t<meta name=\"twitter:data2\" content=\"4 minutes\" \/>\n<script type=\"application\/ld+json\" class=\"yoast-schema-graph\">{\"@context\":\"https:\/\/schema.org\",\"@graph\":[{\"@type\":\"WebPage\",\"@id\":\"https:\/\/www.slow-tourisme-lab.fr\/fr\/fabienne-voyage-nature\/\",\"url\":\"https:\/\/www.slow-tourisme-lab.fr\/fr\/fabienne-voyage-nature\/\",\"name\":\"Fabienne Voyage Nature - Slow Tourisme Lab\",\"isPartOf\":{\"@id\":\"https:\/\/www.slow-tourisme-lab.fr\/fr\/#website\"},\"primaryImageOfPage\":{\"@id\":\"https:\/\/www.slow-tourisme-lab.fr\/fr\/fabienne-voyage-nature\/#primaryimage\"},\"image\":{\"@id\":\"https:\/\/www.slow-tourisme-lab.fr\/fr\/fabienne-voyage-nature\/#primaryimage\"},\"thumbnailUrl\":\"https:\/\/www.slow-tourisme-lab.fr\/assets\/uploads\/sites\/50\/2025\/05\/Fabienne-Voyage-Nature-3.png\",\"datePublished\":\"2025-05-07T11:00:46+00:00\",\"dateModified\":\"2025-09-25T07:05:52+00:00\",\"author\":{\"@id\":\"https:\/\/www.slow-tourisme-lab.fr\/fr\/#\/schema\/person\/595f93c9576a361df0fba6739e83e6c7\"},\"breadcrumb\":{\"@id\":\"https:\/\/www.slow-tourisme-lab.fr\/fr\/fabienne-voyage-nature\/#breadcrumb\"},\"inLanguage\":\"fr-FR\",\"potentialAction\":[{\"@type\":\"ReadAction\",\"target\":[\"https:\/\/www.slow-tourisme-lab.fr\/fr\/fabienne-voyage-nature\/\"]}]},{\"@type\":\"ImageObject\",\"inLanguage\":\"fr-FR\",\"@id\":\"https:\/\/www.slow-tourisme-lab.fr\/fr\/fabienne-voyage-nature\/#primaryimage\",\"url\":\"https:\/\/www.slow-tourisme-lab.fr\/assets\/uploads\/sites\/50\/2025\/05\/Fabienne-Voyage-Nature-3.png\",\"contentUrl\":\"https:\/\/www.slow-tourisme-lab.fr\/assets\/uploads\/sites\/50\/2025\/05\/Fabienne-Voyage-Nature-3.png\",\"width\":1427,\"height\":761},{\"@type\":\"BreadcrumbList\",\"@id\":\"https:\/\/www.slow-tourisme-lab.fr\/fr\/fabienne-voyage-nature\/#breadcrumb\",\"itemListElement\":[{\"@type\":\"ListItem\",\"position\":1,\"name\":\"Accueil\",\"item\":\"https:\/\/www.slow-tourisme-lab.fr\/fr\/\"},{\"@type\":\"ListItem\",\"position\":2,\"name\":\"Fabienne Voyage Nature\"}]},{\"@type\":\"WebSite\",\"@id\":\"https:\/\/www.slow-tourisme-lab.fr\/fr\/#website\",\"url\":\"https:\/\/www.slow-tourisme-lab.fr\/fr\/\",\"name\":\"Slow Tourisme Lab\",\"description\":\"Un accompagnement pour l'innovation touristique durable\",\"potentialAction\":[{\"@type\":\"SearchAction\",\"target\":{\"@type\":\"EntryPoint\",\"urlTemplate\":\"https:\/\/www.slow-tourisme-lab.fr\/fr\/?s={search_term_string}\"},\"query-input\":{\"@type\":\"PropertyValueSpecification\",\"valueRequired\":true,\"valueName\":\"search_term_string\"}}],\"inLanguage\":\"fr-FR\"},{\"@type\":\"Person\",\"@id\":\"https:\/\/www.slow-tourisme-lab.fr\/fr\/#\/schema\/person\/595f93c9576a361df0fba6739e83e6c7\",\"name\":\"Gr\u00e9gory\",\"image\":{\"@type\":\"ImageObject\",\"inLanguage\":\"fr-FR\",\"@id\":\"https:\/\/www.slow-tourisme-lab.fr\/fr\/#\/schema\/person\/image\/\",\"url\":\"https:\/\/secure.gravatar.com\/avatar\/da9dac04633f4d6a61a86f9a721bbee5?s=96&d=mm&r=g\",\"contentUrl\":\"https:\/\/secure.gravatar.com\/avatar\/da9dac04633f4d6a61a86f9a721bbee5?s=96&d=mm&r=g\",\"caption\":\"Gr\u00e9gory\"},\"url\":\"https:\/\/www.slow-tourisme-lab.fr\/fr\/author\/gregory-davaillaudaube-champagne-com\/\"}]}<\/script>\n<!-- \/ Yoast SEO plugin. -->","yoast_head_json":{"title":"Fabienne Voyage Nature - Slow Tourisme Lab","robots":{"index":"index","follow":"follow","max-snippet":"max-snippet:-1","max-image-preview":"max-image-preview:large","max-video-preview":"max-video-preview:-1"},"canonical":"https:\/\/www.slow-tourisme-lab.fr\/fr\/fabienne-voyage-nature\/","og_locale":"fr_FR","og_type":"article","og_title":"Fabienne Voyage Nature - Slow Tourisme Lab","og_description":"D\u00e9couvrez Fabienne Voyage Nature, une startup engag\u00e9e qui r\u00e9invente le voyage durable au f\u00e9minin avec l\u2019accompagnement du Slow Tourisme Lab, entre libert\u00e9, \u00e9coresponsabilit\u00e9 et humanit\u00e9.","og_url":"https:\/\/www.slow-tourisme-lab.fr\/fr\/fabienne-voyage-nature\/","og_site_name":"Slow Tourisme Lab","article_published_time":"2025-05-07T11:00:46+00:00","article_modified_time":"2025-09-25T07:05:52+00:00","og_image":[{"width":1427,"height":761,"url":"https:\/\/slowtourismelab-www.v3.mobylee.com\/assets\/uploads\/sites\/50\/2025\/05\/Fabienne-Voyage-Nature-3.png","type":"image\/png"}],"author":"Gr\u00e9gory","twitter_card":"summary_large_image","twitter_misc":{"\u00c9crit par":"Gr\u00e9gory","Dur\u00e9e de lecture estim\u00e9e":"4 minutes"},"schema":{"@context":"https:\/\/schema.org","@graph":[{"@type":"WebPage","@id":"https:\/\/www.slow-tourisme-lab.fr\/fr\/fabienne-voyage-nature\/","url":"https:\/\/www.slow-tourisme-lab.fr\/fr\/fabienne-voyage-nature\/","name":"Fabienne Voyage Nature - Slow Tourisme Lab","isPartOf":{"@id":"https:\/\/www.slow-tourisme-lab.fr\/fr\/#website"},"primaryImageOfPage":{"@id":"https:\/\/www.slow-tourisme-lab.fr\/fr\/fabienne-voyage-nature\/#primaryimage"},"image":{"@id":"https:\/\/www.slow-tourisme-lab.fr\/fr\/fabienne-voyage-nature\/#primaryimage"},"thumbnailUrl":"https:\/\/www.slow-tourisme-lab.fr\/assets\/uploads\/sites\/50\/2025\/05\/Fabienne-Voyage-Nature-3.png","datePublished":"2025-05-07T11:00:46+00:00","dateModified":"2025-09-25T07:05:52+00:00","author":{"@id":"https:\/\/www.slow-tourisme-lab.fr\/fr\/#\/schema\/person\/595f93c9576a361df0fba6739e83e6c7"},"breadcrumb":{"@id":"https:\/\/www.slow-tourisme-lab.fr\/fr\/fabienne-voyage-nature\/#breadcrumb"},"inLanguage":"fr-FR","potentialAction":[{"@type":"ReadAction","target":["https:\/\/www.slow-tourisme-lab.fr\/fr\/fabienne-voyage-nature\/"]}]},{"@type":"ImageObject","inLanguage":"fr-FR","@id":"https:\/\/www.slow-tourisme-lab.fr\/fr\/fabienne-voyage-nature\/#primaryimage","url":"https:\/\/www.slow-tourisme-lab.fr\/assets\/uploads\/sites\/50\/2025\/05\/Fabienne-Voyage-Nature-3.png","contentUrl":"https:\/\/www.slow-tourisme-lab.fr\/assets\/uploads\/sites\/50\/2025\/05\/Fabienne-Voyage-Nature-3.png","width":1427,"height":761},{"@type":"BreadcrumbList","@id":"https:\/\/www.slow-tourisme-lab.fr\/fr\/fabienne-voyage-nature\/#breadcrumb","itemListElement":[{"@type":"ListItem","position":1,"name":"Accueil","item":"https:\/\/www.slow-tourisme-lab.fr\/fr\/"},{"@type":"ListItem","position":2,"name":"Fabienne Voyage Nature"}]},{"@type":"WebSite","@id":"https:\/\/www.slow-tourisme-lab.fr\/fr\/#website","url":"https:\/\/www.slow-tourisme-lab.fr\/fr\/","name":"Slow Tourisme Lab","description":"Un accompagnement pour l'innovation touristique durable","potentialAction":[{"@type":"SearchAction","target":{"@type":"EntryPoint","urlTemplate":"https:\/\/www.slow-tourisme-lab.fr\/fr\/?s={search_term_string}"},"query-input":{"@type":"PropertyValueSpecification","valueRequired":true,"valueName":"search_term_string"}}],"inLanguage":"fr-FR"},{"@type":"Person","@id":"https:\/\/www.slow-tourisme-lab.fr\/fr\/#\/schema\/person\/595f93c9576a361df0fba6739e83e6c7","name":"Gr\u00e9gory","image":{"@type":"ImageObject","inLanguage":"fr-FR","@id":"https:\/\/www.slow-tourisme-lab.fr\/fr\/#\/schema\/person\/image\/","url":"https:\/\/secure.gravatar.com\/avatar\/da9dac04633f4d6a61a86f9a721bbee5?s=96&d=mm&r=g","contentUrl":"https:\/\/secure.gravatar.com\/avatar\/da9dac04633f4d6a61a86f9a721bbee5?s=96&d=mm&r=g","caption":"Gr\u00e9gory"},"url":"https:\/\/www.slow-tourisme-lab.fr\/fr\/author\/gregory-davaillaudaube-champagne-com\/"}]}},"_links":{"self":[{"href":"https:\/\/www.slow-tourisme-lab.fr\/fr\/wp-json\/wp\/v2\/posts\/20852\/"}],"collection":[{"href":"https:\/\/www.slow-tourisme-lab.fr\/fr\/wp-json\/wp\/v2\/posts\/"}],"about":[{"href":"https:\/\/www.slow-tourisme-lab.fr\/fr\/wp-json\/wp\/v2\/types\/post\/"}],"author":[{"embeddable":true,"href":"https:\/\/www.slow-tourisme-lab.fr\/fr\/wp-json\/wp\/v2\/users\/16\/"}],"replies":[{"embeddable":true,"href":"https:\/\/www.slow-tourisme-lab.fr\/fr\/wp-json\/wp\/v2\/comments\/?post=20852"}],"version-history":[{"count":5,"href":"https:\/\/www.slow-tourisme-lab.fr\/fr\/wp-json\/wp\/v2\/posts\/20852\/revisions\/"}],"predecessor-version":[{"id":21039,"href":"https:\/\/www.slow-tourisme-lab.fr\/fr\/wp-json\/wp\/v2\/posts\/20852\/revisions\/21039\/"}],"wp:featuredmedia":[{"embeddable":true,"href":"https:\/\/www.slow-tourisme-lab.fr\/fr\/wp-json\/wp\/v2\/media\/20880\/"}],"wp:attachment":[{"href":"https:\/\/www.slow-tourisme-lab.fr\/fr\/wp-json\/wp\/v2\/media\/?parent=20852"}],"wp:term":[{"taxonomy":"category","embeddable":true,"href":"https:\/\/www.slow-tourisme-lab.fr\/fr\/wp-json\/wp\/v2\/categories\/?post=20852"},{"taxonomy":"post_tag","embeddable":true,"href":"https:\/\/www.slow-tourisme-lab.fr\/fr\/wp-json\/wp\/v2\/tags\/?post=20852"}],"curies":[{"name":"wp","href":"https:\/\/api.w.org\/{rel}","templated":true}]}}