{"id":20027,"date":"2023-06-08T11:18:24","date_gmt":"2023-06-08T09:18:24","guid":{"rendered":"https:\/\/www.slow-tourisme-lab.fr\/?p=20027"},"modified":"2024-11-07T15:19:40","modified_gmt":"2024-11-07T14:19:40","slug":"fonds-tourisme-durable-formes-emergentes-de-tourisme","status":"publish","type":"post","link":"https:\/\/www.slow-tourisme-lab.fr\/fr\/fonds-tourisme-durable-formes-emergentes-de-tourisme\/","title":{"rendered":"Fonds Tourisme Durable &#8211; Formes \u00c9mergentes de Tourisme"},"content":{"rendered":"<h2>L\u2019appel \u00e0 projet FET a pour vocation de soutenir, via des subventions \u00e0 l\u2019investissement et \u00e0\u00a0l\u2019ing\u00e9nierie, le d\u00e9veloppement d\u2019offres touristiques durables \u00e9mergentes, s\u2019inscrivant dans une d\u00e9marche de\u00a0Slow tourisme\u00a0ou d\u2019\u00c9cotourisme.<\/h2>\n<p>&nbsp;<\/p>\n<p>&nbsp;<\/p>\n<p style=\"text-align: justify\">Le pr\u00e9sent appel \u00e0 projets a pour objectif de\u00a0:<\/p>\n<ul>\n<li><b>Accompagner l\u2019\u00e9mergence et la structuration d\u2019offres de <i>slow tourisme et \u00e9cotourisme <\/i><\/b>\u00e0 l\u2019\u00e9chelle de la Destination France. Le d\u00e9veloppement de cette offre permettra de limiter leur impact sur l\u2019environnement et de s\u2019engager dans la transition \u00e9cologique\u00a0;<\/li>\n<li><b>Soutenir la cr\u00e9ation et la mont\u00e9e en qualit\u00e9 des offres<\/b>, de permettre leur inscription dans les objectifs du <i>slow tourisme et de l\u2019\u00e9cotourisme<\/i>, de dynamiser le r\u00e9seau territorial d\u2019acteurs pour faire \u00e9merger des destinations de tourisme responsable et durable ;<\/li>\n<li><b>Faciliter l\u2019acc\u00e8s des projets entrepreneuriaux aux financements et \u00e0 l\u2019ing\u00e9nierie<\/b><\/li>\n<\/ul>\n<p>&nbsp;<\/p>\n<h2 style=\"text-indent: -17.85pt;margin: 0cm 0cm 12.0pt 35.7pt\"><a>Porteurs de projet \u00e9ligibles<\/a><\/h2>\n<p style=\"margin-top: 6.0pt;text-align: justify\">Peut candidater \u00e0 cet appel \u00e0 projet\u00a0tout type d\u2019acteur :<\/p>\n<ul>\n<li><!--[endif]-->assimil\u00e9 \u00e0 <b>une TPE et PME au sens communautaire <\/b>(une structure est consid\u00e9r\u00e9e comme une entreprise selon le droit europ\u00e9en si elle \u00ab <i>exerce r\u00e9guli\u00e8rement une activit\u00e9 \u00e9conomique <\/i>\u00bb, ce qui est d\u00e9fini comme offrir des biens et services sur un march\u00e9 donn\u00e9),<b>\u00a0<\/b><b><\/b><\/li>\n<li>quel que soit so code NAF et son statut juridique : <b>associations, SCOP, SEM, entreprises agricoles et microentreprises<\/b> incluses (entreprises individuelles, EIRL, EURL et SASU).<b><\/b><\/li>\n<\/ul>\n<p style=\"margin-bottom: 3rem;font-size: 16px;line-height: inherit\">Les projets devront \u00eatre\u00a0situ\u00e9s dans des communes \u00e9ligibles au Fonds Tourisme Durable\u00a0(cf. liste des communes \u00e9ligibles dans \u00ab Je v\u00e9rifie mon \u00e9ligibilit\u00e9 \u00bb).<\/p>\n<p style=\"margin-bottom: 3rem;font-size: 16px;line-height: inherit\">Ils devront :<\/p>\n<ul>\n<li>Ne pas avoir b\u00e9n\u00e9fici\u00e9 d\u2019aides de minimis au-del\u00e0\u00a0de 200 000 \u20ac par entreprise consolid\u00e9e sur une p\u00e9riode de 3 exercices fiscaux incluant celui en cours.<\/li>\n<li>\u00catre \u00e9ligibles aux aides d\u2019\u00c9tat, et ne pas \u00eatre consid\u00e9r\u00e9s comme des \u00ab\u00a0entreprises en difficult\u00e9 \u00bb.<\/li>\n<li>\u00catre en r\u00e8gle vis-\u00e0-vis de leurs obligations juridiques, fiscales et sociales.<\/li>\n<\/ul>\n<p style=\"margin-top: 6.0pt;text-align: justify\"><a href=\"https:\/\/agirpourlatransition.ademe.fr\/entreprises\/aides-financieres\/20230308\/fonds-tourisme-durable-formes-emergentes-tourisme\" target=\"_blank\" rel=\"noopener noreferrer\">Voir les exemples de porteurs de projet\u00a0et v\u00e9rifier mon \u00e9ligibilit\u00e9<\/a><\/p>\n<p>&nbsp;<\/p>\n<p><u><strong>Nature des projets<\/strong><\/u><\/p>\n<p>L\u2019appel \u00e0 projet soutiendra des projets visant \u00e0\u00a0<strong>d\u00e9velopper de nouvelles offres ou \u00e0 am\u00e9liorer et valoriser des offres existantes<\/strong>\u00a0:<\/p>\n<ul type=\"circle\">\n<li>individuels\u00a0(d\u00e9velopp\u00e9s et financ\u00e9s par un porteur unique)<\/li>\n<li>ou\u00a0collectifs\u00a0(d\u00e9velopp\u00e9s et financ\u00e9s par plusieurs partenaires, sous la coordination d\u2019un porteur unique, qui d\u00e9posera seul le dossier au nom du groupement)<\/li>\n<\/ul>\n<p>&nbsp;<\/p>\n<p>Pour \u00eatre \u00e9ligibles, les projets doivent d\u00e9montrer qu\u2019ils s\u2019inscrivent dans une\u00a0<strong>d\u00e9marche\u00a0de tourisme durable et responsable<\/strong>, correspondant aux 5 principes suivants\u00a0:<\/p>\n<ul type=\"circle\">\n<li>en s\u2019inscrivant dans\u00a0l\u2019<strong>\u00e9conomie locale<\/strong>\u00a0et valorisant les\u00a0<strong>productions du territoire<\/strong><\/li>\n<li>en portant une\u00a0<strong>ambition environnementale forte<\/strong><\/li>\n<li>en int\u00e9grant des offres\u00a0<strong>\u00e0 destination du plus grand nombre de visiteurs<\/strong>\u00a0et\u00a0<strong>incluant les populations locales<\/strong><\/li>\n<li>en s\u2019articulant autour d\u2019une\u00a0<strong>gouvernance int\u00e9gr\u00e9e, ascendante, collaborative<\/strong>\u00a0et multi-partenariale<\/li>\n<li>en anticipant la\u00a0<strong>p\u00e9rennit\u00e9 de l\u2019activit\u00e9 touristique<\/strong>\u00a0dans le temps et\u00a0<strong>s\u2019int\u00e9grant dans le territoire<\/strong><\/li>\n<\/ul>\n<p>&nbsp;<\/p>\n<p>Il est attendu que le\u00a0<strong>porteur de projet se positionne sur une des formes \u00e9mergentes de tourisme<\/strong>\u00a0:\u00a0Slow tourisme ou \u00c9cotourisme. Ces formes peuvent s\u2019appliquer aux prestations, ou offres touristiques qu\u2019elles appartiennent \u00e0\u00a0l\u2019agritourisme, \u00e0 l\u2019\u0153notourisme, au tourisme culturel, au tourisme de plein air,\u00a0etc.<\/p>\n<p>&nbsp;<\/p>\n<p><strong>L\u2019appel \u00e0 projets se cl\u00f4turera le 23 octobre 2023.<\/strong><\/p>\n<p>N\u2019h\u00e9sitez pas \u00e0 <a href=\"https:\/\/agirpourlatransition.ademe.fr\/entreprises\/aides-financieres\/20230308\/fonds-tourisme-durable-formes-emergentes-tourisme\" target=\"_blank\" rel=\"noopener noreferrer\">\u00e9tudier votre \u00e9ligibilit\u00e9<\/a> et \u00e0 prendre contact avec l\u2019ADT du l&rsquo;Aube en Champagne pour toutes questions.<\/p>\n<p>Pour plus d\u2019informations, contactez Margaine MIQUEE au <strong>03.25.42.50.91<\/strong> ou <strong>06 86 23 56 58 <a href=\"mailto:margaine.miquee@aube.fr\">margaine.miquee@aube.fr<\/a><\/strong><\/p>\n<h5><\/h5>\n<p>&nbsp;<\/p>\n<p>&nbsp;<\/p>\n","protected":false},"excerpt":{"rendered":"<p>L\u2019appel \u00e0 projet FET a pour vocation de soutenir, via des subventions \u00e0 l\u2019investissement et \u00e0\u00a0l\u2019ing\u00e9nierie, le d\u00e9veloppement d\u2019offres touristiques durables \u00e9mergentes, s\u2019inscrivant dans une d\u00e9marche de\u00a0Slow tourisme\u00a0ou d\u2019\u00c9cotourisme. &nbsp; &nbsp; Le pr\u00e9sent appel \u00e0 projets a pour objectif de\u00a0: Accompagner l\u2019\u00e9mergence et la structuration&#8230;<\/p>\n","protected":false},"author":43,"featured_media":20031,"comment_status":"closed","ping_status":"closed","sticky":false,"template":"","format":"standard","meta":{"wds_primary_category":0,"footnotes":""},"categories":[139],"tags":[],"class_list":["post-20027","post","type-post","status-publish","format-standard","has-post-thumbnail","hentry","category-actualite-du-slow-tourisme-lab"],"yoast_head":"<!-- This site is optimized with the Yoast SEO plugin v26.6 - https:\/\/yoast.com\/wordpress\/plugins\/seo\/ -->\n<title>Fonds Tourisme Durable - Formes \u00c9mergentes de Tourisme - Slow Tourisme Lab<\/title>\n<meta name=\"robots\" content=\"index, follow, max-snippet:-1, max-image-preview:large, max-video-preview:-1\" \/>\n<link rel=\"canonical\" href=\"https:\/\/www.slow-tourisme-lab.fr\/fr\/fonds-tourisme-durable-formes-emergentes-de-tourisme\/\" \/>\n<meta property=\"og:locale\" content=\"fr_FR\" \/>\n<meta property=\"og:type\" content=\"article\" \/>\n<meta property=\"og:title\" content=\"Fonds Tourisme Durable - Formes \u00c9mergentes de Tourisme - Slow Tourisme Lab\" \/>\n<meta property=\"og:description\" content=\"L\u2019appel \u00e0 projet FET a pour vocation de soutenir, via des subventions \u00e0 l\u2019investissement et \u00e0\u00a0l\u2019ing\u00e9nierie, le d\u00e9veloppement d\u2019offres touristiques durables \u00e9mergentes, s\u2019inscrivant dans une d\u00e9marche de\u00a0Slow tourisme\u00a0ou d\u2019\u00c9cotourisme. &nbsp; &nbsp; Le pr\u00e9sent appel \u00e0 projets a pour objectif de\u00a0: Accompagner l\u2019\u00e9mergence et la structuration...\" \/>\n<meta property=\"og:url\" content=\"https:\/\/www.slow-tourisme-lab.fr\/fr\/fonds-tourisme-durable-formes-emergentes-de-tourisme\/\" \/>\n<meta property=\"og:site_name\" content=\"Slow Tourisme Lab\" \/>\n<meta property=\"article:published_time\" content=\"2023-06-08T09:18:24+00:00\" \/>\n<meta property=\"article:modified_time\" content=\"2024-11-07T14:19:40+00:00\" \/>\n<meta property=\"og:image\" content=\"https:\/\/www.slow-tourisme-lab.fr\/assets\/uploads\/sites\/50\/2023\/06\/AAP-FET.png\" \/>\n\t<meta property=\"og:image:width\" content=\"1100\" \/>\n\t<meta property=\"og:image:height\" content=\"600\" \/>\n\t<meta property=\"og:image:type\" content=\"image\/png\" \/>\n<meta name=\"author\" content=\"Gr\u00e9gory Davaillaud\" \/>\n<meta name=\"twitter:card\" content=\"summary_large_image\" \/>\n<meta name=\"twitter:label1\" content=\"\u00c9crit par\" \/>\n\t<meta name=\"twitter:data1\" content=\"Gr\u00e9gory Davaillaud\" \/>\n\t<meta name=\"twitter:label2\" content=\"Dur\u00e9e de lecture estim\u00e9e\" \/>\n\t<meta name=\"twitter:data2\" content=\"3 minutes\" \/>\n<script type=\"application\/ld+json\" class=\"yoast-schema-graph\">{\"@context\":\"https:\/\/schema.org\",\"@graph\":[{\"@type\":\"WebPage\",\"@id\":\"https:\/\/www.slow-tourisme-lab.fr\/fr\/fonds-tourisme-durable-formes-emergentes-de-tourisme\/\",\"url\":\"https:\/\/www.slow-tourisme-lab.fr\/fr\/fonds-tourisme-durable-formes-emergentes-de-tourisme\/\",\"name\":\"Fonds Tourisme Durable - Formes \u00c9mergentes de Tourisme - Slow Tourisme Lab\",\"isPartOf\":{\"@id\":\"https:\/\/www.slow-tourisme-lab.fr\/fr\/#website\"},\"primaryImageOfPage\":{\"@id\":\"https:\/\/www.slow-tourisme-lab.fr\/fr\/fonds-tourisme-durable-formes-emergentes-de-tourisme\/#primaryimage\"},\"image\":{\"@id\":\"https:\/\/www.slow-tourisme-lab.fr\/fr\/fonds-tourisme-durable-formes-emergentes-de-tourisme\/#primaryimage\"},\"thumbnailUrl\":\"https:\/\/www.slow-tourisme-lab.fr\/assets\/uploads\/sites\/50\/2023\/06\/AAP-FET.png\",\"datePublished\":\"2023-06-08T09:18:24+00:00\",\"dateModified\":\"2024-11-07T14:19:40+00:00\",\"author\":{\"@id\":\"https:\/\/www.slow-tourisme-lab.fr\/fr\/#\/schema\/person\/6108de5c98ac4a199724cea57f965d21\"},\"breadcrumb\":{\"@id\":\"https:\/\/www.slow-tourisme-lab.fr\/fr\/fonds-tourisme-durable-formes-emergentes-de-tourisme\/#breadcrumb\"},\"inLanguage\":\"fr-FR\",\"potentialAction\":[{\"@type\":\"ReadAction\",\"target\":[\"https:\/\/www.slow-tourisme-lab.fr\/fr\/fonds-tourisme-durable-formes-emergentes-de-tourisme\/\"]}]},{\"@type\":\"ImageObject\",\"inLanguage\":\"fr-FR\",\"@id\":\"https:\/\/www.slow-tourisme-lab.fr\/fr\/fonds-tourisme-durable-formes-emergentes-de-tourisme\/#primaryimage\",\"url\":\"https:\/\/www.slow-tourisme-lab.fr\/assets\/uploads\/sites\/50\/2023\/06\/AAP-FET.png\",\"contentUrl\":\"https:\/\/www.slow-tourisme-lab.fr\/assets\/uploads\/sites\/50\/2023\/06\/AAP-FET.png\",\"width\":1100,\"height\":600},{\"@type\":\"BreadcrumbList\",\"@id\":\"https:\/\/www.slow-tourisme-lab.fr\/fr\/fonds-tourisme-durable-formes-emergentes-de-tourisme\/#breadcrumb\",\"itemListElement\":[{\"@type\":\"ListItem\",\"position\":1,\"name\":\"Accueil\",\"item\":\"https:\/\/www.slow-tourisme-lab.fr\/fr\/\"},{\"@type\":\"ListItem\",\"position\":2,\"name\":\"Fonds Tourisme Durable &#8211; Formes \u00c9mergentes de Tourisme\"}]},{\"@type\":\"WebSite\",\"@id\":\"https:\/\/www.slow-tourisme-lab.fr\/fr\/#website\",\"url\":\"https:\/\/www.slow-tourisme-lab.fr\/fr\/\",\"name\":\"Slow Tourisme Lab\",\"description\":\"Un accompagnement pour l'innovation touristique durable\",\"potentialAction\":[{\"@type\":\"SearchAction\",\"target\":{\"@type\":\"EntryPoint\",\"urlTemplate\":\"https:\/\/www.slow-tourisme-lab.fr\/fr\/?s={search_term_string}\"},\"query-input\":{\"@type\":\"PropertyValueSpecification\",\"valueRequired\":true,\"valueName\":\"search_term_string\"}}],\"inLanguage\":\"fr-FR\"},{\"@type\":\"Person\",\"@id\":\"https:\/\/www.slow-tourisme-lab.fr\/fr\/#\/schema\/person\/6108de5c98ac4a199724cea57f965d21\",\"name\":\"Gr\u00e9gory Davaillaud\",\"image\":{\"@type\":\"ImageObject\",\"inLanguage\":\"fr-FR\",\"@id\":\"https:\/\/www.slow-tourisme-lab.fr\/fr\/#\/schema\/person\/image\/\",\"url\":\"https:\/\/secure.gravatar.com\/avatar\/d4b73d14de4934a219cd6052ec79d4bf?s=96&d=mm&r=g\",\"contentUrl\":\"https:\/\/secure.gravatar.com\/avatar\/d4b73d14de4934a219cd6052ec79d4bf?s=96&d=mm&r=g\",\"caption\":\"Gr\u00e9gory Davaillaud\"},\"url\":\"https:\/\/www.slow-tourisme-lab.fr\/fr\/author\/cdtaubelynkware-com\/\"}]}<\/script>\n<!-- \/ Yoast SEO plugin. -->","yoast_head_json":{"title":"Fonds Tourisme Durable - Formes \u00c9mergentes de Tourisme - Slow Tourisme Lab","robots":{"index":"index","follow":"follow","max-snippet":"max-snippet:-1","max-image-preview":"max-image-preview:large","max-video-preview":"max-video-preview:-1"},"canonical":"https:\/\/www.slow-tourisme-lab.fr\/fr\/fonds-tourisme-durable-formes-emergentes-de-tourisme\/","og_locale":"fr_FR","og_type":"article","og_title":"Fonds Tourisme Durable - Formes \u00c9mergentes de Tourisme - Slow Tourisme Lab","og_description":"L\u2019appel \u00e0 projet FET a pour vocation de soutenir, via des subventions \u00e0 l\u2019investissement et \u00e0\u00a0l\u2019ing\u00e9nierie, le d\u00e9veloppement d\u2019offres touristiques durables \u00e9mergentes, s\u2019inscrivant dans une d\u00e9marche de\u00a0Slow tourisme\u00a0ou d\u2019\u00c9cotourisme. &nbsp; &nbsp; Le pr\u00e9sent appel \u00e0 projets a pour objectif de\u00a0: Accompagner l\u2019\u00e9mergence et la structuration...","og_url":"https:\/\/www.slow-tourisme-lab.fr\/fr\/fonds-tourisme-durable-formes-emergentes-de-tourisme\/","og_site_name":"Slow Tourisme Lab","article_published_time":"2023-06-08T09:18:24+00:00","article_modified_time":"2024-11-07T14:19:40+00:00","og_image":[{"width":1100,"height":600,"url":"https:\/\/www.slow-tourisme-lab.fr\/assets\/uploads\/sites\/50\/2023\/06\/AAP-FET.png","type":"image\/png"}],"author":"Gr\u00e9gory Davaillaud","twitter_card":"summary_large_image","twitter_misc":{"\u00c9crit par":"Gr\u00e9gory Davaillaud","Dur\u00e9e de lecture estim\u00e9e":"3 minutes"},"schema":{"@context":"https:\/\/schema.org","@graph":[{"@type":"WebPage","@id":"https:\/\/www.slow-tourisme-lab.fr\/fr\/fonds-tourisme-durable-formes-emergentes-de-tourisme\/","url":"https:\/\/www.slow-tourisme-lab.fr\/fr\/fonds-tourisme-durable-formes-emergentes-de-tourisme\/","name":"Fonds Tourisme Durable - Formes \u00c9mergentes de Tourisme - Slow Tourisme Lab","isPartOf":{"@id":"https:\/\/www.slow-tourisme-lab.fr\/fr\/#website"},"primaryImageOfPage":{"@id":"https:\/\/www.slow-tourisme-lab.fr\/fr\/fonds-tourisme-durable-formes-emergentes-de-tourisme\/#primaryimage"},"image":{"@id":"https:\/\/www.slow-tourisme-lab.fr\/fr\/fonds-tourisme-durable-formes-emergentes-de-tourisme\/#primaryimage"},"thumbnailUrl":"https:\/\/www.slow-tourisme-lab.fr\/assets\/uploads\/sites\/50\/2023\/06\/AAP-FET.png","datePublished":"2023-06-08T09:18:24+00:00","dateModified":"2024-11-07T14:19:40+00:00","author":{"@id":"https:\/\/www.slow-tourisme-lab.fr\/fr\/#\/schema\/person\/6108de5c98ac4a199724cea57f965d21"},"breadcrumb":{"@id":"https:\/\/www.slow-tourisme-lab.fr\/fr\/fonds-tourisme-durable-formes-emergentes-de-tourisme\/#breadcrumb"},"inLanguage":"fr-FR","potentialAction":[{"@type":"ReadAction","target":["https:\/\/www.slow-tourisme-lab.fr\/fr\/fonds-tourisme-durable-formes-emergentes-de-tourisme\/"]}]},{"@type":"ImageObject","inLanguage":"fr-FR","@id":"https:\/\/www.slow-tourisme-lab.fr\/fr\/fonds-tourisme-durable-formes-emergentes-de-tourisme\/#primaryimage","url":"https:\/\/www.slow-tourisme-lab.fr\/assets\/uploads\/sites\/50\/2023\/06\/AAP-FET.png","contentUrl":"https:\/\/www.slow-tourisme-lab.fr\/assets\/uploads\/sites\/50\/2023\/06\/AAP-FET.png","width":1100,"height":600},{"@type":"BreadcrumbList","@id":"https:\/\/www.slow-tourisme-lab.fr\/fr\/fonds-tourisme-durable-formes-emergentes-de-tourisme\/#breadcrumb","itemListElement":[{"@type":"ListItem","position":1,"name":"Accueil","item":"https:\/\/www.slow-tourisme-lab.fr\/fr\/"},{"@type":"ListItem","position":2,"name":"Fonds Tourisme Durable &#8211; Formes \u00c9mergentes de Tourisme"}]},{"@type":"WebSite","@id":"https:\/\/www.slow-tourisme-lab.fr\/fr\/#website","url":"https:\/\/www.slow-tourisme-lab.fr\/fr\/","name":"Slow Tourisme Lab","description":"Un accompagnement pour l'innovation touristique durable","potentialAction":[{"@type":"SearchAction","target":{"@type":"EntryPoint","urlTemplate":"https:\/\/www.slow-tourisme-lab.fr\/fr\/?s={search_term_string}"},"query-input":{"@type":"PropertyValueSpecification","valueRequired":true,"valueName":"search_term_string"}}],"inLanguage":"fr-FR"},{"@type":"Person","@id":"https:\/\/www.slow-tourisme-lab.fr\/fr\/#\/schema\/person\/6108de5c98ac4a199724cea57f965d21","name":"Gr\u00e9gory Davaillaud","image":{"@type":"ImageObject","inLanguage":"fr-FR","@id":"https:\/\/www.slow-tourisme-lab.fr\/fr\/#\/schema\/person\/image\/","url":"https:\/\/secure.gravatar.com\/avatar\/d4b73d14de4934a219cd6052ec79d4bf?s=96&d=mm&r=g","contentUrl":"https:\/\/secure.gravatar.com\/avatar\/d4b73d14de4934a219cd6052ec79d4bf?s=96&d=mm&r=g","caption":"Gr\u00e9gory Davaillaud"},"url":"https:\/\/www.slow-tourisme-lab.fr\/fr\/author\/cdtaubelynkware-com\/"}]}},"_links":{"self":[{"href":"https:\/\/www.slow-tourisme-lab.fr\/fr\/wp-json\/wp\/v2\/posts\/20027\/"}],"collection":[{"href":"https:\/\/www.slow-tourisme-lab.fr\/fr\/wp-json\/wp\/v2\/posts\/"}],"about":[{"href":"https:\/\/www.slow-tourisme-lab.fr\/fr\/wp-json\/wp\/v2\/types\/post\/"}],"author":[{"embeddable":true,"href":"https:\/\/www.slow-tourisme-lab.fr\/fr\/wp-json\/wp\/v2\/users\/43\/"}],"replies":[{"embeddable":true,"href":"https:\/\/www.slow-tourisme-lab.fr\/fr\/wp-json\/wp\/v2\/comments\/?post=20027"}],"version-history":[{"count":5,"href":"https:\/\/www.slow-tourisme-lab.fr\/fr\/wp-json\/wp\/v2\/posts\/20027\/revisions\/"}],"predecessor-version":[{"id":20037,"href":"https:\/\/www.slow-tourisme-lab.fr\/fr\/wp-json\/wp\/v2\/posts\/20027\/revisions\/20037\/"}],"wp:featuredmedia":[{"embeddable":true,"href":"https:\/\/www.slow-tourisme-lab.fr\/fr\/wp-json\/wp\/v2\/media\/20031\/"}],"wp:attachment":[{"href":"https:\/\/www.slow-tourisme-lab.fr\/fr\/wp-json\/wp\/v2\/media\/?parent=20027"}],"wp:term":[{"taxonomy":"category","embeddable":true,"href":"https:\/\/www.slow-tourisme-lab.fr\/fr\/wp-json\/wp\/v2\/categories\/?post=20027"},{"taxonomy":"post_tag","embeddable":true,"href":"https:\/\/www.slow-tourisme-lab.fr\/fr\/wp-json\/wp\/v2\/tags\/?post=20027"}],"curies":[{"name":"wp","href":"https:\/\/api.w.org\/{rel}","templated":true}]}}