{"id":19645,"date":"2021-11-22T17:00:40","date_gmt":"2021-11-22T16:00:40","guid":{"rendered":"https:\/\/www.slow-tourisme-lab.fr\/?p=19645"},"modified":"2021-12-03T14:07:48","modified_gmt":"2021-12-03T13:07:48","slug":"destination-parcs","status":"publish","type":"post","link":"https:\/\/www.slow-tourisme-lab.fr\/fr\/destination-parcs\/","title":{"rendered":"Destination Parcs"},"content":{"rendered":"<div class=\"wpb-content-wrapper\"><p>[vc_row css_animation=\u00a0\u00bb\u00a0\u00bb row_type=\u00a0\u00bbrow\u00a0\u00bb use_row_as_full_screen_section=\u00a0\u00bbno\u00a0\u00bb type=\u00a0\u00bbfull_width\u00a0\u00bb angled_section=\u00a0\u00bbno\u00a0\u00bb text_align=\u00a0\u00bbleft\u00a0\u00bb background_image_as_pattern=\u00a0\u00bbwithout_pattern\u00a0\u00bb][vc_column][vc_column_text]Le <a href=\"https:\/\/www.slow-tourisme-lab.fr\/fr\/nous-sommes\/\" target=\"_blank\" rel=\"noopener noreferrer\"><strong>Slow Tourisme Lab<\/strong><\/a>, la <strong><a href=\"https:\/\/www.parcs-naturels-regionaux.fr\/\" target=\"_blank\" rel=\"noopener noreferrer\">F\u00e9d\u00e9ration des Parcs Naturels, R\u00e9gionaux<\/a><\/strong> ,<strong><a href=\"https:\/\/www.slow-tourisme-lab.fr\/assets\/uploads\/sites\/50\/2020\/12\/carte-56-PNR-avec-les-15-Parcs-pr%C3%A9curseurs-201215.jpg\" target=\"_blank\" rel=\"noopener noreferrer\">15 Parcs Naturels R\u00e9gionaux<\/a><\/strong>, <a href=\"https:\/\/odysway.com\/\" target=\"_blank\" rel=\"noopener noreferrer\"><strong>Odysway<\/strong><\/a> (sp\u00e9cialiste de s\u00e9jours immersifs et durables) et <a href=\"https:\/\/www.greentrip.io\/\" target=\"_blank\" rel=\"noopener noreferrer\"><strong>GreenTrips<\/strong><\/a>\u00a0(Plateforme de r\u00e9servation d&rsquo;h\u00e9bergements durables) dans une d\u00e9marche collective, durable et innovante sont heureux de vous annoncer le lancement de la nouvelle plateforme de promotion et commercialisation <strong><a href=\"https:\/\/www.destination-parcs.fr\/\" target=\"_blank\" rel=\"noopener noreferrer\">Destination Parcs<\/a><\/strong>.<\/p>\n<p>Apr\u00e8s un an de travail et de construction de nouveaux types de <strong>s\u00e9jours touristiques bas\u00e9s sur la rencontre et sur des exp\u00e9riences \u00a0authentiques<\/strong>, la promesse est l\u00e0 et s&rsquo;adresse \u00e0 tous les amoureux d&rsquo;un tourisme autrement, du durable et des grands espaces pr\u00e9serv\u00e9s.<\/p>\n<p>[\/vc_column_text][vc_empty_space][vc_separator type=\u00a0\u00bbnormal\u00a0\u00bb]<blockquote class=' with_quote_icon' style=''><i class='fa fa-quote-right' style=''><\/i><h5 class='blockquote-text' style=''>Vivez l'immersion et la rencontre avec des acteurs du changement.<\/h5><\/blockquote>[vc_separator type=\u00a0\u00bbnormal\u00a0\u00bb][vc_empty_space][vc_column_text]Ce projet collaboratif innovant et entrepreneurial nous anime depuis la d\u00e9but de l&rsquo;ann\u00e9e 2021 et s&rsquo;est d\u00e9roul\u00e9 de la fa\u00e7on suivante :<\/p>\n<ul>\n<li>S\u00e9lection du Slow Tourisme Lab dans l&rsquo;accompagnement du projet de la F\u00e9d\u00e9ration des Parcs Naturels R\u00e9gionaux<\/li>\n<li>Appel \u00e0 id\u00e9es pour s\u00e9lectionner un entrepreneur ou un collectif capable de porter les ambitions de la feuille de route et de la F\u00e9d\u00e9ration des Parcs Naturels R\u00e9gionaux<\/li>\n<li>Ateliers de design thinking et cocr\u00e9ation de s\u00e9jours innovants dans les 15 PNR pionniers de la d\u00e9marche<\/li>\n<li>Lancement de la place de march\u00e9 et commercialisation des premiers s\u00e9jours et h\u00e9bergements<\/li>\n<\/ul>\n<p>[\/vc_column_text][vc_empty_space][vc_separator type=\u00a0\u00bbnormal\u00a0\u00bb]<blockquote class=' with_quote_icon' style=''><i class='fa fa-quote-right' style=''><\/i><h5 class='blockquote-text' style=''>Destination Parcs : La promesse de vivre des exp\u00e9riences uniques<\/h5><\/blockquote>[vc_separator type=\u00a0\u00bbnormal\u00a0\u00bb][vc_empty_space][\/vc_column][\/vc_row][vc_row css_animation=\u00a0\u00bb\u00a0\u00bb row_type=\u00a0\u00bbrow\u00a0\u00bb use_row_as_full_screen_section=\u00a0\u00bbno\u00a0\u00bb type=\u00a0\u00bbfull_width\u00a0\u00bb angled_section=\u00a0\u00bbno\u00a0\u00bb text_align=\u00a0\u00bbleft\u00a0\u00bb background_image_as_pattern=\u00a0\u00bbwithout_pattern\u00a0\u00bb][vc_column width=\u00a0\u00bb2\/3&Prime;][vc_column_text]<strong>La promesse des s\u00e9jours et h\u00e9bergements Destination Parcs sont\u00a0 \u202f:\u00a0<\/strong><\/p>\n<ul>\n<li data-leveltext=\"\uf0b7\" data-font=\"Symbol\" data-listid=\"2\" data-aria-posinset=\"1\" data-aria-level=\"1\"><span data-contrast=\"auto\"><span data-contrast=\"auto\"><span data-contrast=\"auto\">Un\u202fcaract\u00e8re local\u202f:\u202fUn Parc naturel r\u00e9gional, des partenaires locaux engag\u00e9s le plus possible 100% made in local.<\/span><\/span><\/span><\/li>\n<\/ul>\n<p>&nbsp;<\/p>\n<ul>\n<li data-leveltext=\"\uf0b7\" data-font=\"Symbol\" data-listid=\"2\" data-aria-posinset=\"2\" data-aria-level=\"1\"><span data-contrast=\"auto\"><span data-contrast=\"auto\">Un\u202fcaract\u00e8re slow\u202f:\u202fDes activit\u00e9s accessibles sans voiture personnelle, de l\u2019itin\u00e9rance, une offre de restauration bio et\/ou locale, des partenaires qui s\u2019investissent pour limiter leur empreinte carbone.<\/span><\/span><\/li>\n<\/ul>\n<p>&nbsp;<\/p>\n<ul>\n<li data-leveltext=\"\uf0b7\" data-font=\"Symbol\" data-listid=\"2\" data-aria-posinset=\"3\" data-aria-level=\"1\"><span data-contrast=\"auto\">Un\u202fcaract\u00e8re social\u202f:\u202fVacances accessibles pour les personnes en situation de handicap, pour des publics vari\u00e9s \u00e0 des prix attractifs et \u00e9thiques.<\/span><\/li>\n<\/ul>\n<p>&nbsp;<\/p>\n<ul>\n<li data-leveltext=\"\uf0b7\" data-font=\"Symbol\" data-listid=\"2\" data-aria-posinset=\"1\" data-aria-level=\"1\"><span data-contrast=\"auto\">Un\u202fcaract\u00e8re design\u202f:\u202fDes offres qui donnent envie de pr\u00e8s comme de loin. De la profondeur et de la qualit\u00e9 de l\u2019information et du contenu partag\u00e9, que ce soit avant, pendant et apr\u00e8s le s\u00e9jour.<\/span><\/li>\n<\/ul>\n<p>&nbsp;<\/p>\n<p><span data-contrast=\"auto\">Et garantissant des rencontres\u00a0avec les acteurs du changement dans les Parcs.<\/span><span data-ccp-props=\"{}\">\u00a0<\/span>[\/vc_column_text][vc_empty_space][\/vc_column][vc_column width=\u00a0\u00bb1\/3&Prime;][vc_gallery type=\u00a0\u00bbnivo\u00a0\u00bb interval=\u00a0\u00bb3&Prime; images=\u00a0\u00bb19690,19666,19662,19660,19682,19670,19658,19688,19684,19686,19664&Prime; img_size=\u00a0\u00bbfull\u00a0\u00bb onclick=\u00a0\u00bbcustom_link\u00a0\u00bb custom_links_target=\u00a0\u00bb_blank\u00a0\u00bb custom_links=\u00a0\u00bb#E-8_aHR0cHMlM0ElMkYlMkZ3d3cuZGVzdGluYXRpb24tcGFyY3MuZnIlMkZwYXJjcyUyRnBuci1mb3JldC1kb3JpZW50&Prime;][vc_empty_space][vc_column_text]<\/p>\n<h3 style=\"text-align: center\"><a href=\"https:\/\/www.destination-parcs.fr\/parcs\/pnr-foret-dorient\" target=\"_blank\" rel=\"noopener noreferrer\">R\u00e9servez votre s\u00e9jour et ou votre h\u00e9bergement dans le Parc Naturel R\u00e9gional de la For\u00eat d&rsquo;Orient<\/a><\/h3>\n<p>[\/vc_column_text][vc_empty_space][\/vc_column][\/vc_row][vc_row css_animation=\u00a0\u00bb\u00a0\u00bb row_type=\u00a0\u00bbrow\u00a0\u00bb use_row_as_full_screen_section=\u00a0\u00bbno\u00a0\u00bb type=\u00a0\u00bbfull_width\u00a0\u00bb angled_section=\u00a0\u00bbno\u00a0\u00bb text_align=\u00a0\u00bbleft\u00a0\u00bb background_image_as_pattern=\u00a0\u00bbwithout_pattern\u00a0\u00bb][vc_column][vc_separator type=\u00a0\u00bbnormal\u00a0\u00bb][vc_column_text]Alors pr\u00e9parez vos valises et sacs \u00e0 dos pour partir en immersion dans un Parc Naturel R\u00e9gional. Vous y ferez des rencontres de passionn\u00e9s et d\u2019acteurs du changement, vous participez \u00e0 des ateliers originaux et vous serez h\u00e9berg\u00e9s dans des lieux lab\u00e9lis\u00e9s Valeur Parc et \u00e9coresponsables.[\/vc_column_text][vc_empty_space][vc_column_text]<\/p>\n<h1 style=\"text-align: center\"><a href=\"https:\/\/www.destination-parcs.fr\/\" target=\"_blank\" rel=\"noopener noreferrer\">www.destination-parcs.fr<\/a><\/h1>\n<p>[\/vc_column_text][vc_separator type=\u00a0\u00bbnormal\u00a0\u00bb][\/vc_column][\/vc_row]<\/p>\n<\/div>","protected":false},"excerpt":{"rendered":"<p>Le Slow Tourisme Lab, la F\u00e9d\u00e9ration des Parcs Naturels, R\u00e9gionaux ,15 Parcs Naturels R\u00e9gionaux, Odysway et GreenTrips\u00a0dans une d\u00e9marche collective, durable et innovante sont heureux de vous annoncer le lancement de la nouvelle plateforme de promotion et commercialisation Destination Parcs.<\/p>\n","protected":false},"author":16,"featured_media":19651,"comment_status":"closed","ping_status":"closed","sticky":false,"template":"","format":"standard","meta":{"wds_primary_category":0,"footnotes":""},"categories":[138,140],"tags":[],"class_list":["post-19645","post","type-post","status-publish","format-standard","has-post-thumbnail","hentry","category-actualite-des-startups","category-le-durable"],"yoast_head":"<!-- This site is optimized with the Yoast SEO plugin v26.6 - https:\/\/yoast.com\/wordpress\/plugins\/seo\/ -->\n<title>Destination Parcs - Slow Tourisme Lab<\/title>\n<meta name=\"robots\" content=\"index, follow, max-snippet:-1, max-image-preview:large, max-video-preview:-1\" \/>\n<link rel=\"canonical\" href=\"https:\/\/www.slow-tourisme-lab.fr\/fr\/destination-parcs\/\" \/>\n<meta property=\"og:locale\" content=\"fr_FR\" \/>\n<meta property=\"og:type\" content=\"article\" \/>\n<meta property=\"og:title\" content=\"Destination Parcs - Slow Tourisme Lab\" \/>\n<meta property=\"og:description\" content=\"Le Slow Tourisme Lab, la F\u00e9d\u00e9ration des Parcs Naturels, R\u00e9gionaux ,15 Parcs Naturels R\u00e9gionaux, Odysway et GreenTrips\u00a0dans une d\u00e9marche collective, durable et innovante sont heureux de vous annoncer le lancement de la nouvelle plateforme de promotion et commercialisation Destination Parcs.\" \/>\n<meta property=\"og:url\" content=\"https:\/\/www.slow-tourisme-lab.fr\/fr\/destination-parcs\/\" \/>\n<meta property=\"og:site_name\" content=\"Slow Tourisme Lab\" \/>\n<meta property=\"article:published_time\" content=\"2021-11-22T16:00:40+00:00\" \/>\n<meta property=\"article:modified_time\" content=\"2021-12-03T13:07:48+00:00\" \/>\n<meta property=\"og:image\" content=\"https:\/\/www.slow-tourisme-lab.fr\/assets\/uploads\/sites\/50\/2021\/11\/bandeau-Destination-Parcs.jpg\" \/>\n\t<meta property=\"og:image:width\" content=\"2500\" \/>\n\t<meta property=\"og:image:height\" content=\"1311\" \/>\n\t<meta property=\"og:image:type\" content=\"image\/jpeg\" \/>\n<meta name=\"author\" content=\"Gr\u00e9gory\" \/>\n<meta name=\"twitter:card\" content=\"summary_large_image\" \/>\n<meta name=\"twitter:label1\" content=\"\u00c9crit par\" \/>\n\t<meta name=\"twitter:data1\" content=\"Gr\u00e9gory\" \/>\n\t<meta name=\"twitter:label2\" content=\"Dur\u00e9e de lecture estim\u00e9e\" \/>\n\t<meta name=\"twitter:data2\" content=\"3 minutes\" \/>\n<script type=\"application\/ld+json\" class=\"yoast-schema-graph\">{\"@context\":\"https:\/\/schema.org\",\"@graph\":[{\"@type\":\"WebPage\",\"@id\":\"https:\/\/www.slow-tourisme-lab.fr\/fr\/destination-parcs\/\",\"url\":\"https:\/\/www.slow-tourisme-lab.fr\/fr\/destination-parcs\/\",\"name\":\"Destination Parcs - Slow Tourisme Lab\",\"isPartOf\":{\"@id\":\"https:\/\/www.slow-tourisme-lab.fr\/fr\/#website\"},\"primaryImageOfPage\":{\"@id\":\"https:\/\/www.slow-tourisme-lab.fr\/fr\/destination-parcs\/#primaryimage\"},\"image\":{\"@id\":\"https:\/\/www.slow-tourisme-lab.fr\/fr\/destination-parcs\/#primaryimage\"},\"thumbnailUrl\":\"https:\/\/www.slow-tourisme-lab.fr\/assets\/uploads\/sites\/50\/2021\/11\/bandeau-Destination-Parcs.jpg\",\"datePublished\":\"2021-11-22T16:00:40+00:00\",\"dateModified\":\"2021-12-03T13:07:48+00:00\",\"author\":{\"@id\":\"https:\/\/www.slow-tourisme-lab.fr\/fr\/#\/schema\/person\/595f93c9576a361df0fba6739e83e6c7\"},\"breadcrumb\":{\"@id\":\"https:\/\/www.slow-tourisme-lab.fr\/fr\/destination-parcs\/#breadcrumb\"},\"inLanguage\":\"fr-FR\",\"potentialAction\":[{\"@type\":\"ReadAction\",\"target\":[\"https:\/\/www.slow-tourisme-lab.fr\/fr\/destination-parcs\/\"]}]},{\"@type\":\"ImageObject\",\"inLanguage\":\"fr-FR\",\"@id\":\"https:\/\/www.slow-tourisme-lab.fr\/fr\/destination-parcs\/#primaryimage\",\"url\":\"https:\/\/www.slow-tourisme-lab.fr\/assets\/uploads\/sites\/50\/2021\/11\/bandeau-Destination-Parcs.jpg\",\"contentUrl\":\"https:\/\/www.slow-tourisme-lab.fr\/assets\/uploads\/sites\/50\/2021\/11\/bandeau-Destination-Parcs.jpg\",\"width\":2500,\"height\":1311},{\"@type\":\"BreadcrumbList\",\"@id\":\"https:\/\/www.slow-tourisme-lab.fr\/fr\/destination-parcs\/#breadcrumb\",\"itemListElement\":[{\"@type\":\"ListItem\",\"position\":1,\"name\":\"Accueil\",\"item\":\"https:\/\/www.slow-tourisme-lab.fr\/fr\/\"},{\"@type\":\"ListItem\",\"position\":2,\"name\":\"Destination Parcs\"}]},{\"@type\":\"WebSite\",\"@id\":\"https:\/\/www.slow-tourisme-lab.fr\/fr\/#website\",\"url\":\"https:\/\/www.slow-tourisme-lab.fr\/fr\/\",\"name\":\"Slow Tourisme Lab\",\"description\":\"Un accompagnement pour l'innovation touristique durable\",\"potentialAction\":[{\"@type\":\"SearchAction\",\"target\":{\"@type\":\"EntryPoint\",\"urlTemplate\":\"https:\/\/www.slow-tourisme-lab.fr\/fr\/?s={search_term_string}\"},\"query-input\":{\"@type\":\"PropertyValueSpecification\",\"valueRequired\":true,\"valueName\":\"search_term_string\"}}],\"inLanguage\":\"fr-FR\"},{\"@type\":\"Person\",\"@id\":\"https:\/\/www.slow-tourisme-lab.fr\/fr\/#\/schema\/person\/595f93c9576a361df0fba6739e83e6c7\",\"name\":\"Gr\u00e9gory\",\"image\":{\"@type\":\"ImageObject\",\"inLanguage\":\"fr-FR\",\"@id\":\"https:\/\/www.slow-tourisme-lab.fr\/fr\/#\/schema\/person\/image\/\",\"url\":\"https:\/\/secure.gravatar.com\/avatar\/da9dac04633f4d6a61a86f9a721bbee5?s=96&d=mm&r=g\",\"contentUrl\":\"https:\/\/secure.gravatar.com\/avatar\/da9dac04633f4d6a61a86f9a721bbee5?s=96&d=mm&r=g\",\"caption\":\"Gr\u00e9gory\"},\"url\":\"https:\/\/www.slow-tourisme-lab.fr\/fr\/author\/gregory-davaillaudaube-champagne-com\/\"}]}<\/script>\n<!-- \/ Yoast SEO plugin. -->","yoast_head_json":{"title":"Destination Parcs - Slow Tourisme Lab","robots":{"index":"index","follow":"follow","max-snippet":"max-snippet:-1","max-image-preview":"max-image-preview:large","max-video-preview":"max-video-preview:-1"},"canonical":"https:\/\/www.slow-tourisme-lab.fr\/fr\/destination-parcs\/","og_locale":"fr_FR","og_type":"article","og_title":"Destination Parcs - Slow Tourisme Lab","og_description":"Le Slow Tourisme Lab, la F\u00e9d\u00e9ration des Parcs Naturels, R\u00e9gionaux ,15 Parcs Naturels R\u00e9gionaux, Odysway et GreenTrips\u00a0dans une d\u00e9marche collective, durable et innovante sont heureux de vous annoncer le lancement de la nouvelle plateforme de promotion et commercialisation Destination Parcs.","og_url":"https:\/\/www.slow-tourisme-lab.fr\/fr\/destination-parcs\/","og_site_name":"Slow Tourisme Lab","article_published_time":"2021-11-22T16:00:40+00:00","article_modified_time":"2021-12-03T13:07:48+00:00","og_image":[{"width":2500,"height":1311,"url":"https:\/\/www.slow-tourisme-lab.fr\/assets\/uploads\/sites\/50\/2021\/11\/bandeau-Destination-Parcs.jpg","type":"image\/jpeg"}],"author":"Gr\u00e9gory","twitter_card":"summary_large_image","twitter_misc":{"\u00c9crit par":"Gr\u00e9gory","Dur\u00e9e de lecture estim\u00e9e":"3 minutes"},"schema":{"@context":"https:\/\/schema.org","@graph":[{"@type":"WebPage","@id":"https:\/\/www.slow-tourisme-lab.fr\/fr\/destination-parcs\/","url":"https:\/\/www.slow-tourisme-lab.fr\/fr\/destination-parcs\/","name":"Destination Parcs - Slow Tourisme Lab","isPartOf":{"@id":"https:\/\/www.slow-tourisme-lab.fr\/fr\/#website"},"primaryImageOfPage":{"@id":"https:\/\/www.slow-tourisme-lab.fr\/fr\/destination-parcs\/#primaryimage"},"image":{"@id":"https:\/\/www.slow-tourisme-lab.fr\/fr\/destination-parcs\/#primaryimage"},"thumbnailUrl":"https:\/\/www.slow-tourisme-lab.fr\/assets\/uploads\/sites\/50\/2021\/11\/bandeau-Destination-Parcs.jpg","datePublished":"2021-11-22T16:00:40+00:00","dateModified":"2021-12-03T13:07:48+00:00","author":{"@id":"https:\/\/www.slow-tourisme-lab.fr\/fr\/#\/schema\/person\/595f93c9576a361df0fba6739e83e6c7"},"breadcrumb":{"@id":"https:\/\/www.slow-tourisme-lab.fr\/fr\/destination-parcs\/#breadcrumb"},"inLanguage":"fr-FR","potentialAction":[{"@type":"ReadAction","target":["https:\/\/www.slow-tourisme-lab.fr\/fr\/destination-parcs\/"]}]},{"@type":"ImageObject","inLanguage":"fr-FR","@id":"https:\/\/www.slow-tourisme-lab.fr\/fr\/destination-parcs\/#primaryimage","url":"https:\/\/www.slow-tourisme-lab.fr\/assets\/uploads\/sites\/50\/2021\/11\/bandeau-Destination-Parcs.jpg","contentUrl":"https:\/\/www.slow-tourisme-lab.fr\/assets\/uploads\/sites\/50\/2021\/11\/bandeau-Destination-Parcs.jpg","width":2500,"height":1311},{"@type":"BreadcrumbList","@id":"https:\/\/www.slow-tourisme-lab.fr\/fr\/destination-parcs\/#breadcrumb","itemListElement":[{"@type":"ListItem","position":1,"name":"Accueil","item":"https:\/\/www.slow-tourisme-lab.fr\/fr\/"},{"@type":"ListItem","position":2,"name":"Destination Parcs"}]},{"@type":"WebSite","@id":"https:\/\/www.slow-tourisme-lab.fr\/fr\/#website","url":"https:\/\/www.slow-tourisme-lab.fr\/fr\/","name":"Slow Tourisme Lab","description":"Un accompagnement pour l'innovation touristique durable","potentialAction":[{"@type":"SearchAction","target":{"@type":"EntryPoint","urlTemplate":"https:\/\/www.slow-tourisme-lab.fr\/fr\/?s={search_term_string}"},"query-input":{"@type":"PropertyValueSpecification","valueRequired":true,"valueName":"search_term_string"}}],"inLanguage":"fr-FR"},{"@type":"Person","@id":"https:\/\/www.slow-tourisme-lab.fr\/fr\/#\/schema\/person\/595f93c9576a361df0fba6739e83e6c7","name":"Gr\u00e9gory","image":{"@type":"ImageObject","inLanguage":"fr-FR","@id":"https:\/\/www.slow-tourisme-lab.fr\/fr\/#\/schema\/person\/image\/","url":"https:\/\/secure.gravatar.com\/avatar\/da9dac04633f4d6a61a86f9a721bbee5?s=96&d=mm&r=g","contentUrl":"https:\/\/secure.gravatar.com\/avatar\/da9dac04633f4d6a61a86f9a721bbee5?s=96&d=mm&r=g","caption":"Gr\u00e9gory"},"url":"https:\/\/www.slow-tourisme-lab.fr\/fr\/author\/gregory-davaillaudaube-champagne-com\/"}]}},"_links":{"self":[{"href":"https:\/\/www.slow-tourisme-lab.fr\/fr\/wp-json\/wp\/v2\/posts\/19645\/"}],"collection":[{"href":"https:\/\/www.slow-tourisme-lab.fr\/fr\/wp-json\/wp\/v2\/posts\/"}],"about":[{"href":"https:\/\/www.slow-tourisme-lab.fr\/fr\/wp-json\/wp\/v2\/types\/post\/"}],"author":[{"embeddable":true,"href":"https:\/\/www.slow-tourisme-lab.fr\/fr\/wp-json\/wp\/v2\/users\/16\/"}],"replies":[{"embeddable":true,"href":"https:\/\/www.slow-tourisme-lab.fr\/fr\/wp-json\/wp\/v2\/comments\/?post=19645"}],"version-history":[{"count":5,"href":"https:\/\/www.slow-tourisme-lab.fr\/fr\/wp-json\/wp\/v2\/posts\/19645\/revisions\/"}],"predecessor-version":[{"id":19695,"href":"https:\/\/www.slow-tourisme-lab.fr\/fr\/wp-json\/wp\/v2\/posts\/19645\/revisions\/19695\/"}],"wp:featuredmedia":[{"embeddable":true,"href":"https:\/\/www.slow-tourisme-lab.fr\/fr\/wp-json\/wp\/v2\/media\/19651\/"}],"wp:attachment":[{"href":"https:\/\/www.slow-tourisme-lab.fr\/fr\/wp-json\/wp\/v2\/media\/?parent=19645"}],"wp:term":[{"taxonomy":"category","embeddable":true,"href":"https:\/\/www.slow-tourisme-lab.fr\/fr\/wp-json\/wp\/v2\/categories\/?post=19645"},{"taxonomy":"post_tag","embeddable":true,"href":"https:\/\/www.slow-tourisme-lab.fr\/fr\/wp-json\/wp\/v2\/tags\/?post=19645"}],"curies":[{"name":"wp","href":"https:\/\/api.w.org\/{rel}","templated":true}]}}