{"id":19603,"date":"2021-11-09T16:32:19","date_gmt":"2021-11-09T15:32:19","guid":{"rendered":"https:\/\/www.slow-tourisme-lab.fr\/?p=19603"},"modified":"2021-11-10T09:29:51","modified_gmt":"2021-11-10T08:29:51","slug":"le-teletravail-dans-laube","status":"publish","type":"post","link":"https:\/\/www.slow-tourisme-lab.fr\/fr\/le-teletravail-dans-laube\/","title":{"rendered":"Le t\u00e9l\u00e9travail dans l&rsquo;Aube"},"content":{"rendered":"<div class=\"wpb-content-wrapper\"><p>[vc_row css_animation=\u00a0\u00bb\u00a0\u00bb row_type=\u00a0\u00bbrow\u00a0\u00bb use_row_as_full_screen_section=\u00a0\u00bbno\u00a0\u00bb type=\u00a0\u00bbfull_width\u00a0\u00bb angled_section=\u00a0\u00bbno\u00a0\u00bb text_align=\u00a0\u00bbleft\u00a0\u00bb background_image_as_pattern=\u00a0\u00bbwithout_pattern\u00a0\u00bb][vc_column][vc_column_text]<\/p>\n<h1 style=\"text-align: center\">Teletravel\u00ae<\/h1>\n<h2 style=\"text-align: center\">le nouveau concept qui favorise les s\u00e9jours longue dur\u00e9e toute l\u2019ann\u00e9e m\u00eame en basse saison.<\/h2>\n<p>[\/vc_column_text][vc_empty_space][vc_column_text]La g\u00e9n\u00e9ralisation du t\u00e9l\u00e9travail depuis la crise sanitaire annonce un changement profond du tourisme global tout autant que local. C\u2019est l\u2019opportunit\u00e9 pour nombre de personnes de changer de cadre de vie, d\u00e9couvrir de nouvelles destinations tout en continuant \u00e0 exercer leur emploi, <strong>et l\u2019occasion pour les <\/strong><strong>h\u00e9bergeurs de prendre part \u00e0 cette r\u00e9volution imminente !<\/strong><\/p>\n<p>Le tour op\u00e9rateur voyagiste Best Of Tours a d\u00e9velopp\u00e9 le voyage de demain sous la marque <strong>Teletravel\u00ae<\/strong>.[\/vc_column_text][vc_empty_space]<div class=\"qode-simple-quote-holder \">\r\n\t<div class=\"qode-simple-quote-triangle-shadow\">\r\n\t\t\r\n\t<\/div>\r\n\t<div class=\"qode-simple-quote-triangle\" >\r\n\t\t\r\n\t<\/div>\r\n\t<div class=\"qode-simple-quote-holder-inner\" >\r\n\t\t<div class=\"qode-simple-quote-icon-holder\" \">\r\n\t\t\t<svg x=\"0px\" y=\"0px\" width=\"118px\" height=\"97px\" viewBox=\"0 0 118 97\" enable-background=\"new 0 0 118 97\" xml:space=\"preserve\">\r\n\t\t\t\t<g>\r\n\t\t\t\t\t<path d=\"M31.1,73.998c5.688-7.111,8.535-14.316,8.535-21.617c0-3.09-0.371-5.751-1.113-7.978c-4.332,3.34-9.031,5.009-14.102,5.009\r\n\t\t\t\t\t\tc-6.929,0-12.71-2.194-17.349-6.586c-4.639-4.389-6.958-10.298-6.958-17.72c0-6.926,2.348-12.71,7.051-17.349\r\n\t\t\t\t\t\tc4.7-4.639,10.452-6.958,17.256-6.958c9.77,0,17.256,4.021,22.451,12.061c4.329,6.68,6.494,15.029,6.494,25.049\r\n\t\t\t\t\t\tc0,12.742-3.247,24.154-9.741,34.234C37.13,82.227,27.325,90.357,14.215,96.541l-3.525-6.865\r\n\t\t\t\t\t\tC18.604,86.336,25.409,81.113,31.1,73.998z M95.67,73.998c5.688-7.111,8.535-14.316,8.535-21.617c0-3.09-0.371-5.751-1.113-7.978\r\n\t\t\t\t\t\tc-4.206,3.34-8.906,5.009-14.102,5.009c-6.804,0-12.556-2.194-17.256-6.586c-4.702-4.389-7.051-10.298-7.051-17.72\r\n\t\t\t\t\t\tc0-4.575,1.113-8.721,3.34-12.432s5.195-6.616,8.906-8.721c3.711-2.102,7.729-3.154,12.061-3.154\r\n\t\t\t\t\t\tc9.771,0,17.256,4.021,22.451,12.061c4.329,6.68,6.494,15.029,6.494,25.049c0,12.742-3.247,24.154-9.741,34.234\r\n\t\t\t\t\t\tC101.7,82.227,91.896,90.357,78.785,96.541l-3.525-6.865C83.175,86.336,89.979,81.113,95.67,73.998z\"\/>\r\n\t\t\t\t<\/g>\r\n\t\t\t<\/svg>\r\n\t\t<\/div>\r\n\t\t<div class=\"qode-simple-quote-content-holder\">\r\n\t\t\t<div class=\"qode-simple-quote-content-holder-inner\">\r\n\t\t\t\t<div class=\"qode-simple-quote-text-holder\" >\r\n\t\t\t\t\t<h2 class=\"qode-simple-quote-text-title\"> Nous sommes cr\u00e9ateurs et organisateurs de s\u00e9jours en t\u00e9l\u00e9travail.  <\/h2>\r\n\t\t\t\t<\/div>\r\n\t\t\t\t<div class=\"qode-simple-quote-author-holder\">\r\n\t\t\t\t\t<p class=\"qode-simple-quote-author-title\">   <\/p>\r\n\t\t\t\t<\/div>\r\n\t\t\t<\/div>\r\n\t\t<\/div>\r\n\t<\/div>\r\n<\/div>[vc_empty_space][vc_video link=\u00a0\u00bbhttps:\/\/youtu.be\/LTgisEazlCg\u00a0\u00bb el_width=\u00a0\u00bb80&Prime; align=\u00a0\u00bbcenter\u00a0\u00bb css_animation=\u00a0\u00bbfadeInRightBig\u00a0\u00bb title=\u00a0\u00bbD\u00e9couvrez le concept en image\u00a0\u00bb][\/vc_column][\/vc_row][vc_row css_animation=\u00a0\u00bb\u00a0\u00bb row_type=\u00a0\u00bbrow\u00a0\u00bb use_row_as_full_screen_section=\u00a0\u00bbno\u00a0\u00bb type=\u00a0\u00bbfull_width\u00a0\u00bb angled_section=\u00a0\u00bbno\u00a0\u00bb text_align=\u00a0\u00bbleft\u00a0\u00bb background_image_as_pattern=\u00a0\u00bbwithout_pattern\u00a0\u00bb][vc_column][vc_empty_space][vc_column_text]L\u2019inscription, <strong>rapide et gratuite<\/strong>, offre \u00e0 votre \u00e9tablissement :<br \/>\n&#8211; La perspective d\u2019un meilleur taux de remplissage toute l\u2019ann\u00e9e<br \/>\n&#8211; La garantie d\u2019\u00e9quipements adapt\u00e9s aupr\u00e8s des clients<br \/>\n&#8211; Une visibilit\u00e9 accrue gr\u00e2ce \u00e0 une marque novatrice et des r\u00e9seaux internationales et multilingues<br \/>\n&#8211; Une gestion simple et efficace<\/p>\n<p>Ouvrant la voie du tourisme de demain \u00e0 travers les pratiques du travail \u00e0 distance, vous serez pr\u00eats, avec nous, \u00e0 accueillir davantage de clients et de nouveaux profils de voyageurs dans votre \u00e9tablissement toute l\u2019ann\u00e9e !<\/p>\n<h2 style=\"text-align: center\">Vous souhaitez proposer votre h\u00e9bergement pour accueillir nos clients ?<\/h2>\n<h2 style=\"text-align: center\">Il vous suffit de remplir le formulaire ci-dessous.<\/h2>\n<p>[\/vc_column_text][vc_empty_space][\/vc_column][\/vc_row][vc_row css_animation=\u00a0\u00bb\u00a0\u00bb row_type=\u00a0\u00bbrow\u00a0\u00bb use_row_as_full_screen_section=\u00a0\u00bbno\u00a0\u00bb type=\u00a0\u00bbfull_width\u00a0\u00bb angled_section=\u00a0\u00bbno\u00a0\u00bb text_align=\u00a0\u00bbleft\u00a0\u00bb background_image_as_pattern=\u00a0\u00bbwithout_pattern\u00a0\u00bb][vc_column]<div class=\"container_inner\"><div class=\"call_to_action simple\" style=\"\"><div class=\"text_wrapper column1\"><div class=\"call_to_action_text \" style=\"\"><\/div><a itemprop=\"url\" href=\"https:\/\/forms.gle\/PBNgBfW4Ds6pQEV37\" class=\"qbutton white medium\" target=\"_blank\" style=\"background-color: #6997bf;\"data-hover-background-color=#1e73be >Proposer votre h\u00e9bergement<\/a><\/div><\/div><\/div>[vc_empty_space][\/vc_column][\/vc_row][vc_row css_animation=\u00a0\u00bb\u00a0\u00bb row_type=\u00a0\u00bbrow\u00a0\u00bb use_row_as_full_screen_section=\u00a0\u00bbno\u00a0\u00bb type=\u00a0\u00bbfull_width\u00a0\u00bb angled_section=\u00a0\u00bbno\u00a0\u00bb text_align=\u00a0\u00bbleft\u00a0\u00bb background_image_as_pattern=\u00a0\u00bbwithout_pattern\u00a0\u00bb][vc_column width=\u00a0\u00bb1\/2&Prime;][vc_column_text]<\/p>\n<h2 style=\"text-align: center\">Plus d&rsquo;informations sur les avantages d&rsquo;un h\u00e9bergeur <strong>Teletravel\u00ae<\/strong><\/h2>\n<p>[\/vc_column_text][vc_empty_space][vc_column_text]<\/p>\n<h2 style=\"text-align: center\"><\/h2>\n<p style=\"text-align: center\"><strong><a href=\"https:\/\/www.slow-tourisme-lab.fr\/assets\/uploads\/sites\/50\/2021\/11\/HEBERGEURS-PARTENAIRES-TELETRAVEL.pdf\" target=\"_blank\" rel=\"noopener noreferrer\">Les avantages<\/a><\/strong><\/p>\n<p>[\/vc_column_text][\/vc_column][vc_column width=\u00a0\u00bb1\/2&Prime;][vc_column_text]<\/p>\n<h2 style=\"text-align: center\"><a href=\"https:\/\/www.slow-tourisme-lab.fr\/assets\/uploads\/sites\/50\/2021\/11\/Charte-h\u00e9bergeurs-TELETRAVEL.pdf\" target=\"_blank\" rel=\"noopener noreferrer\">La charte h\u00e9bergeurs<\/a><\/h2>\n<ul>\n<li>Une connexion wifi<\/li>\n<li>Un espace adapt\u00e9<\/li>\n<li>Des prises \u00e0 proximit\u00e9<\/li>\n<li>Avoir un r\u00e9seau t\u00e9l\u00e9phonique<\/li>\n<li>Des outils suppl\u00e9mentaires<\/li>\n<\/ul>\n<p>[\/vc_column_text][vc_empty_space][\/vc_column][\/vc_row][vc_row css_animation=\u00a0\u00bb\u00a0\u00bb row_type=\u00a0\u00bbrow\u00a0\u00bb use_row_as_full_screen_section=\u00a0\u00bbno\u00a0\u00bb type=\u00a0\u00bbfull_width\u00a0\u00bb angled_section=\u00a0\u00bbno\u00a0\u00bb text_align=\u00a0\u00bbleft\u00a0\u00bb background_image_as_pattern=\u00a0\u00bbwithout_pattern\u00a0\u00bb][vc_column width=\u00a0\u00bb1\/2&Prime;][vc_column_text]De plus, nos outils technologiques innovants (<a href=\"https:\/\/www.youtube.com\/watch?v=LqU2_FrkziU&amp;ab_channel=BestOfTours\" target=\"_blank\" rel=\"noopener noreferrer\">application mobile exclusive<\/a>, <a href=\"https:\/\/my.matterport.com\/show\/?_se=Y29udGFjdEB0aGVyZWFsdHJhdmVsLmNvbQ%3D%3D&amp;m=QkuiWxx9ggq\" target=\"_blank\" rel=\"noopener noreferrer\">visite virtuelle 3D<\/a>, <a href=\"https:\/\/www.youtube.com\/watch?v=3RMmp4mVKgU&amp;ab_channel=BestOfTours\" target=\"_blank\" rel=\"noopener noreferrer\">vid\u00e9o 360\u00b0<\/a>, <a href=\"https:\/\/www.youtube.com\/watch?v=kuFdGU-DaB8&amp;ab_channel=AirDroneProductions\" target=\"_blank\" rel=\"noopener noreferrer\">prises de vues a\u00e9riennes<\/a>) sont au service d\u2019une communication efficace et novatrice.<\/p>\n<p>[\/vc_column_text][vc_empty_space][\/vc_column][vc_column width=\u00a0\u00bb1\/2&Prime;][vc_raw_html]JTNDaWZyYW1lJTIwaWQlM0QlMjJ0ZWxldHJhdmVsJTIyJTBBJTIwJTIwJTIwJTIwdGl0bGUlM0QlMjJ0ZWxldHJhdmVsJTIyJTBBJTIwJTIwJTIwJTIwd2lkdGglM0QlMjI1MDAlMjIlMEElMjAlMjAlMjAlMjBoZWlnaHQlM0QlMjIzMDAlMjIlMEElMjAlMjAlMjAlMjBhbGlnbiUzRCUyMmNlbnRlciUyMiUwQSUyMCUyMCUyMCUyMHNyYyUzRCUyMmh0dHBzJTNBJTJGJTJGbXkubWF0dGVycG9ydC5jb20lMkZzaG93JTJGJTNGbSUzRFFrdWlXeHg5Z2dxJTIyJTNFJTBBJTNDJTJGaWZyYW1lJTNFJTBB[\/vc_raw_html][vc_empty_space][\/vc_column][\/vc_row][vc_row css_animation=\u00a0\u00bb\u00a0\u00bb row_type=\u00a0\u00bbrow\u00a0\u00bb use_row_as_full_screen_section=\u00a0\u00bbno\u00a0\u00bb type=\u00a0\u00bbfull_width\u00a0\u00bb angled_section=\u00a0\u00bbno\u00a0\u00bb text_align=\u00a0\u00bbleft\u00a0\u00bb background_image_as_pattern=\u00a0\u00bbwithout_pattern\u00a0\u00bb][vc_column][vc_column_text]<\/p>\n<h2 style=\"text-align: center\">Best Of Tours<br \/>\nActeur du t\u00e9l\u00e9travail<\/h2>\n<h2 style=\"text-align: center\">Incub\u00e9 par le Slow Tourisme Lab<\/h2>\n<p>[\/vc_column_text][vc_empty_space][\/vc_column][\/vc_row][vc_row css_animation=\u00a0\u00bb\u00a0\u00bb row_type=\u00a0\u00bbrow\u00a0\u00bb use_row_as_full_screen_section=\u00a0\u00bbno\u00a0\u00bb type=\u00a0\u00bbfull_width\u00a0\u00bb angled_section=\u00a0\u00bbno\u00a0\u00bb text_align=\u00a0\u00bbleft\u00a0\u00bb background_image_as_pattern=\u00a0\u00bbwithout_pattern\u00a0\u00bb][vc_column width=\u00a0\u00bb1\/3&Prime;][vc_column_text]<\/p>\n<p style=\"text-align: center\"><span style=\"color: #f3557c\"><span style=\"font-size: 20px\">Agence D\u00e9partementale du Tourisme<\/span><strong><span style=\"font-size: 20px\"><br \/>\n<\/span><\/strong><\/span><\/p>\n<p style=\"text-align: center\">Promotion et commercialisation touristique de l&rsquo;Aube<\/p>\n<p>[\/vc_column_text][vc_empty_space][vc_single_image image=\u00a0\u00bb19604&Prime; img_size=\u00a0\u00bbfull\u00a0\u00bb alignment=\u00a0\u00bbcenter\u00a0\u00bb qode_css_animation=\u00a0\u00bb\u00a0\u00bb][\/vc_column][vc_column width=\u00a0\u00bb1\/3&Prime;][vc_column_text]<\/p>\n<p style=\"text-align: center\"><span style=\"color: #f3557c\"><span style=\"font-size: 20px\">Best Of Tours &#8211; <\/span><span style=\"font-size: 20px;font-weight: normal\">Teletravel\u00ae<\/span><\/span><\/p>\n<p style=\"text-align: center\">Cr\u00e9ateurs et organisateurs de s\u00e9jours en t\u00e9l\u00e9travail pour l&rsquo;Aube en Champagne<\/p>\n<p>[\/vc_column_text][vc_empty_space][vc_single_image image=\u00a0\u00bb19606&Prime; img_size=\u00a0\u00bbfull\u00a0\u00bb alignment=\u00a0\u00bbcenter\u00a0\u00bb qode_css_animation=\u00a0\u00bb\u00a0\u00bb][\/vc_column][vc_column width=\u00a0\u00bb1\/3&Prime;][vc_column_text]<\/p>\n<p style=\"text-align: center\"><span style=\"color: #f3557c\"><span style=\"font-size: 20px\">Slow Tourisme Lab<\/span><\/span><\/p>\n<p style=\"text-align: center\">Incubateur de projets touristiques innovants et durables<\/p>\n<p>[\/vc_column_text][vc_empty_space][vc_single_image image=\u00a0\u00bb19608&Prime; img_size=\u00a0\u00bbfull\u00a0\u00bb alignment=\u00a0\u00bbcenter\u00a0\u00bb qode_css_animation=\u00a0\u00bb\u00a0\u00bb][\/vc_column][\/vc_row][vc_row css_animation=\u00a0\u00bb\u00a0\u00bb row_type=\u00a0\u00bbrow\u00a0\u00bb use_row_as_full_screen_section=\u00a0\u00bbno\u00a0\u00bb type=\u00a0\u00bbfull_width\u00a0\u00bb angled_section=\u00a0\u00bbno\u00a0\u00bb text_align=\u00a0\u00bbleft\u00a0\u00bb background_image_as_pattern=\u00a0\u00bbwithout_pattern\u00a0\u00bb][vc_column][vc_empty_space][vc_column_text]<\/p>\n<p>Si vous souhaitez plus d&rsquo;informations, n&rsquo;h\u00e9sitez pas \u00e0 nous contacter \u00e0 l\u2019adresse suivante :<br \/>\n<a href=\"mailto:maeva@myteletravel.com\" target=\"_blank\" rel=\"noopener noreferrer\">maeva@myteletravel.com<\/a>[\/vc_column_text][\/vc_column][\/vc_row]<\/p>\n<\/div>","protected":false},"excerpt":{"rendered":"<p>La g\u00e9n\u00e9ralisation du t\u00e9l\u00e9travail depuis la crise sanitaire annonce un changement profond du tourisme global tout autant que local. C\u2019est l\u2019opportunit\u00e9 pour nombre de personnes de changer de cadre de vie, d\u00e9couvrir de nouvelles destinations tout en continuant \u00e0 exercer leur emploi, et l\u2019occasion pour les h\u00e9bergeurs de prendre part \u00e0 cette r\u00e9volution imminente !<\/p>\n","protected":false},"author":16,"featured_media":18438,"comment_status":"closed","ping_status":"closed","sticky":false,"template":"","format":"standard","meta":{"wds_primary_category":0,"footnotes":""},"categories":[138,139],"tags":[],"class_list":["post-19603","post","type-post","status-publish","format-standard","has-post-thumbnail","hentry","category-actualite-des-startups","category-actualite-du-slow-tourisme-lab"],"yoast_head":"<!-- This site is optimized with the Yoast SEO plugin v26.6 - https:\/\/yoast.com\/wordpress\/plugins\/seo\/ -->\n<title>Le t\u00e9l\u00e9travail dans l&#039;Aube - Slow Tourisme Lab<\/title>\n<meta name=\"robots\" content=\"index, follow, max-snippet:-1, max-image-preview:large, max-video-preview:-1\" \/>\n<link rel=\"canonical\" href=\"https:\/\/www.slow-tourisme-lab.fr\/fr\/le-teletravail-dans-laube\/\" \/>\n<meta property=\"og:locale\" content=\"fr_FR\" \/>\n<meta property=\"og:type\" content=\"article\" \/>\n<meta property=\"og:title\" content=\"Le t\u00e9l\u00e9travail dans l&#039;Aube - Slow Tourisme Lab\" \/>\n<meta property=\"og:description\" content=\"La g\u00e9n\u00e9ralisation du t\u00e9l\u00e9travail depuis la crise sanitaire annonce un changement profond du tourisme global tout autant que local. C\u2019est l\u2019opportunit\u00e9 pour nombre de personnes de changer de cadre de vie, d\u00e9couvrir de nouvelles destinations tout en continuant \u00e0 exercer leur emploi, et l\u2019occasion pour les h\u00e9bergeurs de prendre part \u00e0 cette r\u00e9volution imminente !\" \/>\n<meta property=\"og:url\" content=\"https:\/\/www.slow-tourisme-lab.fr\/fr\/le-teletravail-dans-laube\/\" \/>\n<meta property=\"og:site_name\" content=\"Slow Tourisme Lab\" \/>\n<meta property=\"article:published_time\" content=\"2021-11-09T15:32:19+00:00\" \/>\n<meta property=\"article:modified_time\" content=\"2021-11-10T08:29:51+00:00\" \/>\n<meta property=\"og:image\" content=\"https:\/\/www.slow-tourisme-lab.fr\/assets\/uploads\/sites\/50\/2021\/03\/typo-slide4.jpg\" \/>\n\t<meta property=\"og:image:width\" content=\"1920\" \/>\n\t<meta property=\"og:image:height\" content=\"640\" \/>\n\t<meta property=\"og:image:type\" content=\"image\/jpeg\" \/>\n<meta name=\"author\" content=\"Gr\u00e9gory\" \/>\n<meta name=\"twitter:card\" content=\"summary_large_image\" \/>\n<meta name=\"twitter:label1\" content=\"\u00c9crit par\" \/>\n\t<meta name=\"twitter:data1\" content=\"Gr\u00e9gory\" \/>\n\t<meta name=\"twitter:label2\" content=\"Dur\u00e9e de lecture estim\u00e9e\" \/>\n\t<meta name=\"twitter:data2\" content=\"5 minutes\" \/>\n<script type=\"application\/ld+json\" class=\"yoast-schema-graph\">{\"@context\":\"https:\/\/schema.org\",\"@graph\":[{\"@type\":\"WebPage\",\"@id\":\"https:\/\/www.slow-tourisme-lab.fr\/fr\/le-teletravail-dans-laube\/\",\"url\":\"https:\/\/www.slow-tourisme-lab.fr\/fr\/le-teletravail-dans-laube\/\",\"name\":\"Le t\u00e9l\u00e9travail dans l'Aube - Slow Tourisme Lab\",\"isPartOf\":{\"@id\":\"https:\/\/www.slow-tourisme-lab.fr\/fr\/#website\"},\"primaryImageOfPage\":{\"@id\":\"https:\/\/www.slow-tourisme-lab.fr\/fr\/le-teletravail-dans-laube\/#primaryimage\"},\"image\":{\"@id\":\"https:\/\/www.slow-tourisme-lab.fr\/fr\/le-teletravail-dans-laube\/#primaryimage\"},\"thumbnailUrl\":\"https:\/\/www.slow-tourisme-lab.fr\/assets\/uploads\/sites\/50\/2021\/03\/typo-slide4.jpg\",\"datePublished\":\"2021-11-09T15:32:19+00:00\",\"dateModified\":\"2021-11-10T08:29:51+00:00\",\"author\":{\"@id\":\"https:\/\/www.slow-tourisme-lab.fr\/fr\/#\/schema\/person\/595f93c9576a361df0fba6739e83e6c7\"},\"breadcrumb\":{\"@id\":\"https:\/\/www.slow-tourisme-lab.fr\/fr\/le-teletravail-dans-laube\/#breadcrumb\"},\"inLanguage\":\"fr-FR\",\"potentialAction\":[{\"@type\":\"ReadAction\",\"target\":[\"https:\/\/www.slow-tourisme-lab.fr\/fr\/le-teletravail-dans-laube\/\"]}]},{\"@type\":\"ImageObject\",\"inLanguage\":\"fr-FR\",\"@id\":\"https:\/\/www.slow-tourisme-lab.fr\/fr\/le-teletravail-dans-laube\/#primaryimage\",\"url\":\"https:\/\/www.slow-tourisme-lab.fr\/assets\/uploads\/sites\/50\/2021\/03\/typo-slide4.jpg\",\"contentUrl\":\"https:\/\/www.slow-tourisme-lab.fr\/assets\/uploads\/sites\/50\/2021\/03\/typo-slide4.jpg\",\"width\":1920,\"height\":640},{\"@type\":\"BreadcrumbList\",\"@id\":\"https:\/\/www.slow-tourisme-lab.fr\/fr\/le-teletravail-dans-laube\/#breadcrumb\",\"itemListElement\":[{\"@type\":\"ListItem\",\"position\":1,\"name\":\"Accueil\",\"item\":\"https:\/\/www.slow-tourisme-lab.fr\/fr\/\"},{\"@type\":\"ListItem\",\"position\":2,\"name\":\"Le t\u00e9l\u00e9travail dans l&rsquo;Aube\"}]},{\"@type\":\"WebSite\",\"@id\":\"https:\/\/www.slow-tourisme-lab.fr\/fr\/#website\",\"url\":\"https:\/\/www.slow-tourisme-lab.fr\/fr\/\",\"name\":\"Slow Tourisme Lab\",\"description\":\"Un accompagnement pour l'innovation touristique durable\",\"potentialAction\":[{\"@type\":\"SearchAction\",\"target\":{\"@type\":\"EntryPoint\",\"urlTemplate\":\"https:\/\/www.slow-tourisme-lab.fr\/fr\/?s={search_term_string}\"},\"query-input\":{\"@type\":\"PropertyValueSpecification\",\"valueRequired\":true,\"valueName\":\"search_term_string\"}}],\"inLanguage\":\"fr-FR\"},{\"@type\":\"Person\",\"@id\":\"https:\/\/www.slow-tourisme-lab.fr\/fr\/#\/schema\/person\/595f93c9576a361df0fba6739e83e6c7\",\"name\":\"Gr\u00e9gory\",\"image\":{\"@type\":\"ImageObject\",\"inLanguage\":\"fr-FR\",\"@id\":\"https:\/\/www.slow-tourisme-lab.fr\/fr\/#\/schema\/person\/image\/\",\"url\":\"https:\/\/secure.gravatar.com\/avatar\/da9dac04633f4d6a61a86f9a721bbee5?s=96&d=mm&r=g\",\"contentUrl\":\"https:\/\/secure.gravatar.com\/avatar\/da9dac04633f4d6a61a86f9a721bbee5?s=96&d=mm&r=g\",\"caption\":\"Gr\u00e9gory\"},\"url\":\"https:\/\/www.slow-tourisme-lab.fr\/fr\/author\/gregory-davaillaudaube-champagne-com\/\"}]}<\/script>\n<!-- \/ Yoast SEO plugin. -->","yoast_head_json":{"title":"Le t\u00e9l\u00e9travail dans l'Aube - Slow Tourisme Lab","robots":{"index":"index","follow":"follow","max-snippet":"max-snippet:-1","max-image-preview":"max-image-preview:large","max-video-preview":"max-video-preview:-1"},"canonical":"https:\/\/www.slow-tourisme-lab.fr\/fr\/le-teletravail-dans-laube\/","og_locale":"fr_FR","og_type":"article","og_title":"Le t\u00e9l\u00e9travail dans l'Aube - Slow Tourisme Lab","og_description":"La g\u00e9n\u00e9ralisation du t\u00e9l\u00e9travail depuis la crise sanitaire annonce un changement profond du tourisme global tout autant que local. C\u2019est l\u2019opportunit\u00e9 pour nombre de personnes de changer de cadre de vie, d\u00e9couvrir de nouvelles destinations tout en continuant \u00e0 exercer leur emploi, et l\u2019occasion pour les h\u00e9bergeurs de prendre part \u00e0 cette r\u00e9volution imminente !","og_url":"https:\/\/www.slow-tourisme-lab.fr\/fr\/le-teletravail-dans-laube\/","og_site_name":"Slow Tourisme Lab","article_published_time":"2021-11-09T15:32:19+00:00","article_modified_time":"2021-11-10T08:29:51+00:00","og_image":[{"width":1920,"height":640,"url":"https:\/\/www.slow-tourisme-lab.fr\/assets\/uploads\/sites\/50\/2021\/03\/typo-slide4.jpg","type":"image\/jpeg"}],"author":"Gr\u00e9gory","twitter_card":"summary_large_image","twitter_misc":{"\u00c9crit par":"Gr\u00e9gory","Dur\u00e9e de lecture estim\u00e9e":"5 minutes"},"schema":{"@context":"https:\/\/schema.org","@graph":[{"@type":"WebPage","@id":"https:\/\/www.slow-tourisme-lab.fr\/fr\/le-teletravail-dans-laube\/","url":"https:\/\/www.slow-tourisme-lab.fr\/fr\/le-teletravail-dans-laube\/","name":"Le t\u00e9l\u00e9travail dans l'Aube - Slow Tourisme Lab","isPartOf":{"@id":"https:\/\/www.slow-tourisme-lab.fr\/fr\/#website"},"primaryImageOfPage":{"@id":"https:\/\/www.slow-tourisme-lab.fr\/fr\/le-teletravail-dans-laube\/#primaryimage"},"image":{"@id":"https:\/\/www.slow-tourisme-lab.fr\/fr\/le-teletravail-dans-laube\/#primaryimage"},"thumbnailUrl":"https:\/\/www.slow-tourisme-lab.fr\/assets\/uploads\/sites\/50\/2021\/03\/typo-slide4.jpg","datePublished":"2021-11-09T15:32:19+00:00","dateModified":"2021-11-10T08:29:51+00:00","author":{"@id":"https:\/\/www.slow-tourisme-lab.fr\/fr\/#\/schema\/person\/595f93c9576a361df0fba6739e83e6c7"},"breadcrumb":{"@id":"https:\/\/www.slow-tourisme-lab.fr\/fr\/le-teletravail-dans-laube\/#breadcrumb"},"inLanguage":"fr-FR","potentialAction":[{"@type":"ReadAction","target":["https:\/\/www.slow-tourisme-lab.fr\/fr\/le-teletravail-dans-laube\/"]}]},{"@type":"ImageObject","inLanguage":"fr-FR","@id":"https:\/\/www.slow-tourisme-lab.fr\/fr\/le-teletravail-dans-laube\/#primaryimage","url":"https:\/\/www.slow-tourisme-lab.fr\/assets\/uploads\/sites\/50\/2021\/03\/typo-slide4.jpg","contentUrl":"https:\/\/www.slow-tourisme-lab.fr\/assets\/uploads\/sites\/50\/2021\/03\/typo-slide4.jpg","width":1920,"height":640},{"@type":"BreadcrumbList","@id":"https:\/\/www.slow-tourisme-lab.fr\/fr\/le-teletravail-dans-laube\/#breadcrumb","itemListElement":[{"@type":"ListItem","position":1,"name":"Accueil","item":"https:\/\/www.slow-tourisme-lab.fr\/fr\/"},{"@type":"ListItem","position":2,"name":"Le t\u00e9l\u00e9travail dans l&rsquo;Aube"}]},{"@type":"WebSite","@id":"https:\/\/www.slow-tourisme-lab.fr\/fr\/#website","url":"https:\/\/www.slow-tourisme-lab.fr\/fr\/","name":"Slow Tourisme Lab","description":"Un accompagnement pour l'innovation touristique durable","potentialAction":[{"@type":"SearchAction","target":{"@type":"EntryPoint","urlTemplate":"https:\/\/www.slow-tourisme-lab.fr\/fr\/?s={search_term_string}"},"query-input":{"@type":"PropertyValueSpecification","valueRequired":true,"valueName":"search_term_string"}}],"inLanguage":"fr-FR"},{"@type":"Person","@id":"https:\/\/www.slow-tourisme-lab.fr\/fr\/#\/schema\/person\/595f93c9576a361df0fba6739e83e6c7","name":"Gr\u00e9gory","image":{"@type":"ImageObject","inLanguage":"fr-FR","@id":"https:\/\/www.slow-tourisme-lab.fr\/fr\/#\/schema\/person\/image\/","url":"https:\/\/secure.gravatar.com\/avatar\/da9dac04633f4d6a61a86f9a721bbee5?s=96&d=mm&r=g","contentUrl":"https:\/\/secure.gravatar.com\/avatar\/da9dac04633f4d6a61a86f9a721bbee5?s=96&d=mm&r=g","caption":"Gr\u00e9gory"},"url":"https:\/\/www.slow-tourisme-lab.fr\/fr\/author\/gregory-davaillaudaube-champagne-com\/"}]}},"_links":{"self":[{"href":"https:\/\/www.slow-tourisme-lab.fr\/fr\/wp-json\/wp\/v2\/posts\/19603\/"}],"collection":[{"href":"https:\/\/www.slow-tourisme-lab.fr\/fr\/wp-json\/wp\/v2\/posts\/"}],"about":[{"href":"https:\/\/www.slow-tourisme-lab.fr\/fr\/wp-json\/wp\/v2\/types\/post\/"}],"author":[{"embeddable":true,"href":"https:\/\/www.slow-tourisme-lab.fr\/fr\/wp-json\/wp\/v2\/users\/16\/"}],"replies":[{"embeddable":true,"href":"https:\/\/www.slow-tourisme-lab.fr\/fr\/wp-json\/wp\/v2\/comments\/?post=19603"}],"version-history":[{"count":5,"href":"https:\/\/www.slow-tourisme-lab.fr\/fr\/wp-json\/wp\/v2\/posts\/19603\/revisions\/"}],"predecessor-version":[{"id":19632,"href":"https:\/\/www.slow-tourisme-lab.fr\/fr\/wp-json\/wp\/v2\/posts\/19603\/revisions\/19632\/"}],"wp:featuredmedia":[{"embeddable":true,"href":"https:\/\/www.slow-tourisme-lab.fr\/fr\/wp-json\/wp\/v2\/media\/18438\/"}],"wp:attachment":[{"href":"https:\/\/www.slow-tourisme-lab.fr\/fr\/wp-json\/wp\/v2\/media\/?parent=19603"}],"wp:term":[{"taxonomy":"category","embeddable":true,"href":"https:\/\/www.slow-tourisme-lab.fr\/fr\/wp-json\/wp\/v2\/categories\/?post=19603"},{"taxonomy":"post_tag","embeddable":true,"href":"https:\/\/www.slow-tourisme-lab.fr\/fr\/wp-json\/wp\/v2\/tags\/?post=19603"}],"curies":[{"name":"wp","href":"https:\/\/api.w.org\/{rel}","templated":true}]}}