{"id":18030,"date":"2020-09-11T09:42:34","date_gmt":"2020-09-11T07:42:34","guid":{"rendered":"https:\/\/www.slow-tourisme-lab.fr\/?p=18030"},"modified":"2024-11-07T15:20:10","modified_gmt":"2024-11-07T14:20:10","slug":"universites-du-tourisme-durable-a-troyes-8-et-9-octobre-2020","status":"publish","type":"post","link":"https:\/\/www.slow-tourisme-lab.fr\/fr\/universites-du-tourisme-durable-a-troyes-8-et-9-octobre-2020\/","title":{"rendered":"Universit\u00e9s du Tourisme Durable \u00e0 Troyes 8 et 9 Octobre 2020"},"content":{"rendered":"<div class=\"wpb-content-wrapper\"><p>[vc_row css_animation=\u00a0\u00bb\u00a0\u00bb row_type=\u00a0\u00bbrow\u00a0\u00bb use_row_as_full_screen_section=\u00a0\u00bbno\u00a0\u00bb type=\u00a0\u00bbfull_width\u00a0\u00bb angled_section=\u00a0\u00bbno\u00a0\u00bb text_align=\u00a0\u00bbleft\u00a0\u00bb background_image_as_pattern=\u00a0\u00bbwithout_pattern\u00a0\u00bb][vc_column][vc_column_text]<\/p>\n<table class=\"mcnImageBlock\" border=\"0\" width=\"100%\" cellspacing=\"0\" cellpadding=\"0\">\n<tbody class=\"mcnImageBlockOuter\">\n<tr>\n<td class=\"mcnImageBlockInner\" valign=\"top\"><\/td>\n<\/tr>\n<\/tbody>\n<\/table>\n<table class=\"mcnTextBlock\" border=\"0\" width=\"100%\" cellspacing=\"0\" cellpadding=\"0\">\n<tbody class=\"mcnTextBlockOuter\">\n<tr>\n<td class=\"mcnTextBlockInner\" valign=\"top\">\n<table class=\"mcnTextContentContainer\" border=\"0\" width=\"100%\" cellspacing=\"0\" cellpadding=\"0\" align=\"left\">\n<tbody>\n<tr>\n<td class=\"mcnTextContent\" valign=\"top\">\n<h1><strong>Th\u00e9matique :<br \/>\nLe tourisme, acc\u00e9l\u00e9rateur de la transition \u00e9cologique et sociale<\/strong><\/h1>\n<\/td>\n<\/tr>\n<\/tbody>\n<\/table>\n<\/td>\n<\/tr>\n<\/tbody>\n<\/table>\n<table class=\"mcnTextBlock\" border=\"0\" width=\"100%\" cellspacing=\"0\" cellpadding=\"0\">\n<tbody class=\"mcnTextBlockOuter\">\n<tr>\n<td class=\"mcnTextBlockInner\" valign=\"top\">\n<table class=\"mcnTextContentContainer\" border=\"0\" width=\"100%\" cellspacing=\"0\" cellpadding=\"0\" align=\"left\">\n<tbody>\n<tr>\n<td class=\"mcnTextContent\" valign=\"top\">\n<div>\n<table border=\"0\" width=\"100%\" cellspacing=\"0\" cellpadding=\"0\" align=\"left\">\n<tbody>\n<tr>\n<td>Les Universit\u00e9s du Tourisme Durable : derni\u00e8re ligne droite ! Les 8 et 9 octobre, ATD &#8211; Acteurs du Tourisme Durable et le Comit\u00e9 D\u00e9partemental du Tourisme de l&rsquo;Aube vous donnent rendez-vous pour un \u00e9v\u00e9nement unique en France. En tant que professionnel du tourisme, venez \u00e9changer, exp\u00e9rimenter, vous inspirer et trouver des solutions concr\u00e8tes pour pr\u00e9parer au mieux le tourisme de demain.<\/td>\n<\/tr>\n<\/tbody>\n<\/table>\n<\/div>\n<\/td>\n<\/tr>\n<\/tbody>\n<\/table>\n<\/td>\n<\/tr>\n<\/tbody>\n<\/table>\n<table class=\"mcnTextBlock\" border=\"0\" width=\"100%\" cellspacing=\"0\" cellpadding=\"0\">\n<tbody class=\"mcnTextBlockOuter\">\n<tr>\n<td class=\"mcnTextBlockInner\" valign=\"top\">\n<table class=\"mcnTextContentContainer\" border=\"0\" width=\"100%\" cellspacing=\"0\" cellpadding=\"0\" align=\"left\">\n<tbody>\n<tr>\n<td class=\"mcnTextContent\" valign=\"top\">\n<div><strong><em>Inscrivez-vous d\u00e8s maintenant au tarif n\u00e9goci\u00e9 pour les partenaires locaux !<\/em><\/strong><\/div>\n<\/td>\n<\/tr>\n<\/tbody>\n<\/table>\n<\/td>\n<\/tr>\n<\/tbody>\n<\/table>\n<p>[\/vc_column_text][\/vc_column][\/vc_row][vc_row css_animation=\u00a0\u00bb\u00a0\u00bb row_type=\u00a0\u00bbrow\u00a0\u00bb use_row_as_full_screen_section=\u00a0\u00bbno\u00a0\u00bb type=\u00a0\u00bbfull_width\u00a0\u00bb angled_section=\u00a0\u00bbno\u00a0\u00bb text_align=\u00a0\u00bbcenter\u00a0\u00bb background_image_as_pattern=\u00a0\u00bbwithout_pattern\u00a0\u00bb bg_type=\u00a0\u00bbbg_color\u00a0\u00bb bg_color_value=\u00a0\u00bb#ffffff\u00a0\u00bb z_index=\u00a0\u00bb\u00a0\u00bb][vc_column]<div class=\"container_inner\"><div class=\"call_to_action normal\" style=\"background-color: #ffffff;\"><div class=\"two_columns_75_25 clearfix\"><div class=\"text_wrapper column1\"><div class=\"call_to_action_text \" style=\"\"><\/div><\/div><div class=\"button_wrapper column2\"><a itemprop=\"url\" href=\"https:\/\/www.universites-tourisme-durable.org\/\" class=\"qbutton white medium\" target=\"_blank\" style=\"background-color: #35bf07;\">Participez \u00e0 la rencontre<\/a><\/div><\/div><\/div><\/div>[\/vc_column][\/vc_row][vc_row css_animation=\u00a0\u00bb\u00a0\u00bb row_type=\u00a0\u00bbrow\u00a0\u00bb use_row_as_full_screen_section=\u00a0\u00bbno\u00a0\u00bb type=\u00a0\u00bbfull_width\u00a0\u00bb angled_section=\u00a0\u00bbno\u00a0\u00bb text_align=\u00a0\u00bbleft\u00a0\u00bb background_image_as_pattern=\u00a0\u00bbwithout_pattern\u00a0\u00bb][vc_column][vc_column_text]<\/p>\n<table class=\"mcnTextBlock\" border=\"0\" width=\"100%\" cellspacing=\"0\" cellpadding=\"0\">\n<tbody class=\"mcnTextBlockOuter\">\n<tr>\n<td class=\"mcnTextBlockInner\" valign=\"top\">\n<table class=\"mcnTextContentContainer\" border=\"0\" width=\"100%\" cellspacing=\"0\" cellpadding=\"0\" align=\"left\">\n<tbody>\n<tr>\n<td class=\"mcnTextContent\" valign=\"top\">\n<h2><strong>Au programme&#8230;<\/strong><\/h2>\n<\/td>\n<\/tr>\n<\/tbody>\n<\/table>\n<\/td>\n<\/tr>\n<\/tbody>\n<\/table>\n<table class=\"mcnTextBlock\" border=\"0\" width=\"100%\" cellspacing=\"0\" cellpadding=\"0\">\n<tbody class=\"mcnTextBlockOuter\">\n<tr>\n<td class=\"mcnTextBlockInner\" valign=\"top\">\n<table class=\"mcnTextContentContainer\" border=\"0\" width=\"100%\" cellspacing=\"0\" cellpadding=\"0\" align=\"left\">\n<tbody>\n<tr>\n<td class=\"mcnTextContent\" valign=\"top\"><img decoding=\"async\" class=\"aligncenter\" src=\"https:\/\/mcusercontent.com\/5dfaf41065e93c6c103393ef4\/images\/f75260a8-d785-4409-8477-ead6bea2ef08.jpg\" width=\"170\" height=\"113\" data-file-id=\"1537296\" \/><\/td>\n<\/tr>\n<\/tbody>\n<\/table>\n<table class=\"mcnTextContentContainer\" border=\"0\" width=\"100%\" cellspacing=\"0\" cellpadding=\"0\" align=\"left\">\n<tbody>\n<tr>\n<td class=\"mcnTextContent\" valign=\"top\">\n<div>\n<h3><strong>Conf\u00e9rence consacr\u00e9e au tourisme face aux crises<\/strong><\/h3>\n<div><\/div>\n<div><strong>Fran\u00e7ois Gemenne,\u00a0<\/strong>chercheur \u00e0 l\u2019Universit\u00e9 de Li\u00e8ge, enseignant \u00e0 Sciences-Po et membre du GIEC, nous fera prendre de la hauteur sur ces enjeux lors de sa conf\u00e9rence \u00ab\u00a0Voyager en temps de crises\u00a0\u00bb.<\/div>\n<\/div>\n<\/td>\n<\/tr>\n<\/tbody>\n<\/table>\n<\/td>\n<\/tr>\n<\/tbody>\n<\/table>\n<table class=\"mcnTextBlock\" border=\"0\" width=\"100%\" cellspacing=\"0\" cellpadding=\"0\">\n<tbody class=\"mcnTextBlockOuter\">\n<tr>\n<td class=\"mcnTextBlockInner\" valign=\"top\">\n<table class=\"mcnTextContentContainer\" border=\"0\" width=\"100%\" cellspacing=\"0\" cellpadding=\"0\" align=\"left\">\n<tbody>\n<tr>\n<td class=\"mcnTextContent\" valign=\"top\"><img decoding=\"async\" class=\"aligncenter\" src=\"https:\/\/gallery.mailchimp.com\/5dfaf41065e93c6c103393ef4\/images\/60cfc521-093e-47a7-a8fb-8858202a7d07.jpg\" width=\"150\" height=\"93\" data-file-id=\"1535643\" \/><\/td>\n<\/tr>\n<\/tbody>\n<\/table>\n<table class=\"mcnTextContentContainer\" border=\"0\" width=\"100%\" cellspacing=\"0\" cellpadding=\"0\" align=\"left\">\n<tbody>\n<tr>\n<td class=\"mcnTextContent\" valign=\"top\">\n<div>\n<h3><strong>Innover pour un tourisme rural et responsable<\/strong><\/h3>\n<div>Le Slow Tourisme Lab et Y Schools partageront leurs solutions pour mettre l\u2019innovation au service du tourisme en r\u00e9gion rurale.<\/div>\n<\/div>\n<\/td>\n<\/tr>\n<\/tbody>\n<\/table>\n<\/td>\n<\/tr>\n<\/tbody>\n<\/table>\n<table class=\"mcnTextBlock\" border=\"0\" width=\"100%\" cellspacing=\"0\" cellpadding=\"0\">\n<tbody class=\"mcnTextBlockOuter\">\n<tr>\n<td class=\"mcnTextBlockInner\" valign=\"top\">\n<table class=\"mcnTextContentContainer\" border=\"0\" width=\"100%\" cellspacing=\"0\" cellpadding=\"0\" align=\"left\">\n<tbody>\n<tr>\n<td class=\"mcnTextContent\" valign=\"top\"><img decoding=\"async\" class=\"aligncenter\" src=\"https:\/\/mcusercontent.com\/5dfaf41065e93c6c103393ef4\/images\/30eff97a-db7f-4cb6-bb7e-ae67f2a01606.jpg\" width=\"170\" height=\"127\" data-file-id=\"1536443\" \/><\/td>\n<\/tr>\n<\/tbody>\n<\/table>\n<table class=\"mcnTextContentContainer\" border=\"0\" width=\"100%\" cellspacing=\"0\" cellpadding=\"0\" align=\"left\">\n<tbody>\n<tr>\n<td class=\"mcnTextContent\" valign=\"top\">\n<h3><strong>Faire \u00e9voluer les comp\u00e9tences pour un tourisme durable<\/strong><\/h3>\n<div>Comment int\u00e9grer les questions de durabilit\u00e9 \u00e0 la formation des professionnels ? R\u00e9ponses avec l\u2019exp\u00e9rience de l\u2019IREST et de Disneyland Paris.<\/div>\n<\/td>\n<\/tr>\n<\/tbody>\n<\/table>\n<\/td>\n<\/tr>\n<\/tbody>\n<\/table>\n<table class=\"mcnTextBlock\" border=\"0\" width=\"100%\" cellspacing=\"0\" cellpadding=\"0\">\n<tbody class=\"mcnTextBlockOuter\">\n<tr>\n<td class=\"mcnTextBlockInner\" valign=\"top\">\n<table class=\"mcnTextContentContainer\" border=\"0\" width=\"100%\" cellspacing=\"0\" cellpadding=\"0\" align=\"left\">\n<tbody>\n<tr>\n<td class=\"mcnTextContent\" valign=\"top\"><img loading=\"lazy\" decoding=\"async\" class=\"aligncenter\" src=\"https:\/\/mcusercontent.com\/5dfaf41065e93c6c103393ef4\/_compresseds\/62f51cc3-3953-4687-b77a-24cd690eadd0.jpg\" width=\"170\" height=\"113\" data-file-id=\"1537292\" \/><\/td>\n<\/tr>\n<\/tbody>\n<\/table>\n<table class=\"mcnTextContentContainer\" border=\"0\" width=\"100%\" cellspacing=\"0\" cellpadding=\"0\" align=\"left\">\n<tbody>\n<tr>\n<td class=\"mcnTextContent\" valign=\"top\">\n<h3><strong>Communiquer en temps de crise et affirmer son engagement<\/strong><\/h3>\n<div>Comment int\u00e9grer les questions de durabilit\u00e9 \u00e0 la formation des professionnels ? R\u00e9ponses avec l\u2019exp\u00e9rience de l\u2019IREST et de Disneyland Paris.<\/div>\n<\/td>\n<\/tr>\n<\/tbody>\n<\/table>\n<\/td>\n<\/tr>\n<\/tbody>\n<\/table>\n<p>[\/vc_column_text][\/vc_column][\/vc_row][vc_row css_animation=\u00a0\u00bb\u00a0\u00bb row_type=\u00a0\u00bbrow\u00a0\u00bb use_row_as_full_screen_section=\u00a0\u00bbno\u00a0\u00bb type=\u00a0\u00bbfull_width\u00a0\u00bb angled_section=\u00a0\u00bbno\u00a0\u00bb text_align=\u00a0\u00bbcenter\u00a0\u00bb background_image_as_pattern=\u00a0\u00bbwithout_pattern\u00a0\u00bb bg_type=\u00a0\u00bbbg_color\u00a0\u00bb bg_color_value=\u00a0\u00bb#ffffff\u00a0\u00bb z_index=\u00a0\u00bb\u00a0\u00bb][vc_column]<div class=\"container_inner\"><div class=\"call_to_action normal\" style=\"background-color: #ffffff;\"><div class=\"two_columns_75_25 clearfix\"><div class=\"text_wrapper column1\"><div class=\"call_to_action_text \" style=\"\"><\/div><\/div><div class=\"button_wrapper column2\"><a itemprop=\"url\" href=\"https:\/\/www.universites-tourisme-durable.org\/programme\" class=\"qbutton white medium\" target=\"_blank\" style=\"background-color: #35bf07;\">Le programme complet<\/a><\/div><\/div><\/div><\/div>[\/vc_column][\/vc_row]<\/p>\n<\/div>","protected":false},"excerpt":{"rendered":"<p>Derni\u00e8re ligne droite ! Les 8 et 9 octobre, ATD \u2013 Acteurs du Tourisme Durable et le Comit\u00e9 D\u00e9partemental du Tourisme de l\u2019Aube vous donnent rendez-vous pour un \u00e9v\u00e9nement unique en France. En tant que professionnel du tourisme, venez \u00e9changer, exp\u00e9rimenter, vous inspirer et trouver des solutions concr\u00e8tes pour pr\u00e9parer au mieux le tourisme de demain.<\/p>\n","protected":false},"author":43,"featured_media":18031,"comment_status":"closed","ping_status":"closed","sticky":false,"template":"","format":"standard","meta":{"wds_primary_category":0,"footnotes":""},"categories":[139,140],"tags":[],"class_list":["post-18030","post","type-post","status-publish","format-standard","has-post-thumbnail","hentry","category-actualite-du-slow-tourisme-lab","category-le-durable"],"yoast_head":"<!-- This site is optimized with the Yoast SEO plugin v26.6 - https:\/\/yoast.com\/wordpress\/plugins\/seo\/ -->\n<title>Universit\u00e9s du Tourisme Durable \u00e0 Troyes 8 et 9 Octobre 2020 - Slow Tourisme Lab<\/title>\n<meta name=\"robots\" content=\"index, follow, max-snippet:-1, max-image-preview:large, max-video-preview:-1\" \/>\n<link rel=\"canonical\" href=\"https:\/\/www.slow-tourisme-lab.fr\/fr\/universites-du-tourisme-durable-a-troyes-8-et-9-octobre-2020\/\" \/>\n<meta property=\"og:locale\" content=\"fr_FR\" \/>\n<meta property=\"og:type\" content=\"article\" \/>\n<meta property=\"og:title\" content=\"Universit\u00e9s du Tourisme Durable \u00e0 Troyes 8 et 9 Octobre 2020 - Slow Tourisme Lab\" \/>\n<meta property=\"og:description\" content=\"Derni\u00e8re ligne droite ! Les 8 et 9 octobre, ATD \u2013 Acteurs du Tourisme Durable et le Comit\u00e9 D\u00e9partemental du Tourisme de l\u2019Aube vous donnent rendez-vous pour un \u00e9v\u00e9nement unique en France. En tant que professionnel du tourisme, venez \u00e9changer, exp\u00e9rimenter, vous inspirer et trouver des solutions concr\u00e8tes pour pr\u00e9parer au mieux le tourisme de demain.\" \/>\n<meta property=\"og:url\" content=\"https:\/\/www.slow-tourisme-lab.fr\/fr\/universites-du-tourisme-durable-a-troyes-8-et-9-octobre-2020\/\" \/>\n<meta property=\"og:site_name\" content=\"Slow Tourisme Lab\" \/>\n<meta property=\"article:published_time\" content=\"2020-09-11T07:42:34+00:00\" \/>\n<meta property=\"article:modified_time\" content=\"2024-11-07T14:20:10+00:00\" \/>\n<meta property=\"og:image\" content=\"https:\/\/www.slow-tourisme-lab.fr\/assets\/uploads\/sites\/50\/2020\/09\/universit\u00e9-du-tourisme-durable.png\" \/>\n\t<meta property=\"og:image:width\" content=\"600\" \/>\n\t<meta property=\"og:image:height\" content=\"400\" \/>\n\t<meta property=\"og:image:type\" content=\"image\/png\" \/>\n<meta name=\"author\" content=\"Gr\u00e9gory Davaillaud\" \/>\n<meta name=\"twitter:card\" content=\"summary_large_image\" \/>\n<meta name=\"twitter:label1\" content=\"\u00c9crit par\" \/>\n\t<meta name=\"twitter:data1\" content=\"Gr\u00e9gory Davaillaud\" \/>\n\t<meta name=\"twitter:label2\" content=\"Dur\u00e9e de lecture estim\u00e9e\" \/>\n\t<meta name=\"twitter:data2\" content=\"3 minutes\" \/>\n<script type=\"application\/ld+json\" class=\"yoast-schema-graph\">{\"@context\":\"https:\/\/schema.org\",\"@graph\":[{\"@type\":\"WebPage\",\"@id\":\"https:\/\/www.slow-tourisme-lab.fr\/fr\/universites-du-tourisme-durable-a-troyes-8-et-9-octobre-2020\/\",\"url\":\"https:\/\/www.slow-tourisme-lab.fr\/fr\/universites-du-tourisme-durable-a-troyes-8-et-9-octobre-2020\/\",\"name\":\"Universit\u00e9s du Tourisme Durable \u00e0 Troyes 8 et 9 Octobre 2020 - Slow Tourisme Lab\",\"isPartOf\":{\"@id\":\"https:\/\/www.slow-tourisme-lab.fr\/fr\/#website\"},\"primaryImageOfPage\":{\"@id\":\"https:\/\/www.slow-tourisme-lab.fr\/fr\/universites-du-tourisme-durable-a-troyes-8-et-9-octobre-2020\/#primaryimage\"},\"image\":{\"@id\":\"https:\/\/www.slow-tourisme-lab.fr\/fr\/universites-du-tourisme-durable-a-troyes-8-et-9-octobre-2020\/#primaryimage\"},\"thumbnailUrl\":\"https:\/\/www.slow-tourisme-lab.fr\/assets\/uploads\/sites\/50\/2020\/09\/universit\u00e9-du-tourisme-durable.png\",\"datePublished\":\"2020-09-11T07:42:34+00:00\",\"dateModified\":\"2024-11-07T14:20:10+00:00\",\"author\":{\"@id\":\"https:\/\/www.slow-tourisme-lab.fr\/fr\/#\/schema\/person\/6108de5c98ac4a199724cea57f965d21\"},\"breadcrumb\":{\"@id\":\"https:\/\/www.slow-tourisme-lab.fr\/fr\/universites-du-tourisme-durable-a-troyes-8-et-9-octobre-2020\/#breadcrumb\"},\"inLanguage\":\"fr-FR\",\"potentialAction\":[{\"@type\":\"ReadAction\",\"target\":[\"https:\/\/www.slow-tourisme-lab.fr\/fr\/universites-du-tourisme-durable-a-troyes-8-et-9-octobre-2020\/\"]}]},{\"@type\":\"ImageObject\",\"inLanguage\":\"fr-FR\",\"@id\":\"https:\/\/www.slow-tourisme-lab.fr\/fr\/universites-du-tourisme-durable-a-troyes-8-et-9-octobre-2020\/#primaryimage\",\"url\":\"https:\/\/www.slow-tourisme-lab.fr\/assets\/uploads\/sites\/50\/2020\/09\/universit\u00e9-du-tourisme-durable.png\",\"contentUrl\":\"https:\/\/www.slow-tourisme-lab.fr\/assets\/uploads\/sites\/50\/2020\/09\/universit\u00e9-du-tourisme-durable.png\",\"width\":600,\"height\":400},{\"@type\":\"BreadcrumbList\",\"@id\":\"https:\/\/www.slow-tourisme-lab.fr\/fr\/universites-du-tourisme-durable-a-troyes-8-et-9-octobre-2020\/#breadcrumb\",\"itemListElement\":[{\"@type\":\"ListItem\",\"position\":1,\"name\":\"Accueil\",\"item\":\"https:\/\/www.slow-tourisme-lab.fr\/fr\/\"},{\"@type\":\"ListItem\",\"position\":2,\"name\":\"Universit\u00e9s du Tourisme Durable \u00e0 Troyes 8 et 9 Octobre 2020\"}]},{\"@type\":\"WebSite\",\"@id\":\"https:\/\/www.slow-tourisme-lab.fr\/fr\/#website\",\"url\":\"https:\/\/www.slow-tourisme-lab.fr\/fr\/\",\"name\":\"Slow Tourisme Lab\",\"description\":\"Un accompagnement pour l'innovation touristique durable\",\"potentialAction\":[{\"@type\":\"SearchAction\",\"target\":{\"@type\":\"EntryPoint\",\"urlTemplate\":\"https:\/\/www.slow-tourisme-lab.fr\/fr\/?s={search_term_string}\"},\"query-input\":{\"@type\":\"PropertyValueSpecification\",\"valueRequired\":true,\"valueName\":\"search_term_string\"}}],\"inLanguage\":\"fr-FR\"},{\"@type\":\"Person\",\"@id\":\"https:\/\/www.slow-tourisme-lab.fr\/fr\/#\/schema\/person\/6108de5c98ac4a199724cea57f965d21\",\"name\":\"Gr\u00e9gory Davaillaud\",\"image\":{\"@type\":\"ImageObject\",\"inLanguage\":\"fr-FR\",\"@id\":\"https:\/\/www.slow-tourisme-lab.fr\/fr\/#\/schema\/person\/image\/\",\"url\":\"https:\/\/secure.gravatar.com\/avatar\/d4b73d14de4934a219cd6052ec79d4bf?s=96&d=mm&r=g\",\"contentUrl\":\"https:\/\/secure.gravatar.com\/avatar\/d4b73d14de4934a219cd6052ec79d4bf?s=96&d=mm&r=g\",\"caption\":\"Gr\u00e9gory Davaillaud\"},\"url\":\"https:\/\/www.slow-tourisme-lab.fr\/fr\/author\/cdtaubelynkware-com\/\"}]}<\/script>\n<!-- \/ Yoast SEO plugin. -->","yoast_head_json":{"title":"Universit\u00e9s du Tourisme Durable \u00e0 Troyes 8 et 9 Octobre 2020 - Slow Tourisme Lab","robots":{"index":"index","follow":"follow","max-snippet":"max-snippet:-1","max-image-preview":"max-image-preview:large","max-video-preview":"max-video-preview:-1"},"canonical":"https:\/\/www.slow-tourisme-lab.fr\/fr\/universites-du-tourisme-durable-a-troyes-8-et-9-octobre-2020\/","og_locale":"fr_FR","og_type":"article","og_title":"Universit\u00e9s du Tourisme Durable \u00e0 Troyes 8 et 9 Octobre 2020 - Slow Tourisme Lab","og_description":"Derni\u00e8re ligne droite ! Les 8 et 9 octobre, ATD \u2013 Acteurs du Tourisme Durable et le Comit\u00e9 D\u00e9partemental du Tourisme de l\u2019Aube vous donnent rendez-vous pour un \u00e9v\u00e9nement unique en France. En tant que professionnel du tourisme, venez \u00e9changer, exp\u00e9rimenter, vous inspirer et trouver des solutions concr\u00e8tes pour pr\u00e9parer au mieux le tourisme de demain.","og_url":"https:\/\/www.slow-tourisme-lab.fr\/fr\/universites-du-tourisme-durable-a-troyes-8-et-9-octobre-2020\/","og_site_name":"Slow Tourisme Lab","article_published_time":"2020-09-11T07:42:34+00:00","article_modified_time":"2024-11-07T14:20:10+00:00","og_image":[{"width":600,"height":400,"url":"https:\/\/www.slow-tourisme-lab.fr\/assets\/uploads\/sites\/50\/2020\/09\/universit\u00e9-du-tourisme-durable.png","type":"image\/png"}],"author":"Gr\u00e9gory Davaillaud","twitter_card":"summary_large_image","twitter_misc":{"\u00c9crit par":"Gr\u00e9gory Davaillaud","Dur\u00e9e de lecture estim\u00e9e":"3 minutes"},"schema":{"@context":"https:\/\/schema.org","@graph":[{"@type":"WebPage","@id":"https:\/\/www.slow-tourisme-lab.fr\/fr\/universites-du-tourisme-durable-a-troyes-8-et-9-octobre-2020\/","url":"https:\/\/www.slow-tourisme-lab.fr\/fr\/universites-du-tourisme-durable-a-troyes-8-et-9-octobre-2020\/","name":"Universit\u00e9s du Tourisme Durable \u00e0 Troyes 8 et 9 Octobre 2020 - Slow Tourisme Lab","isPartOf":{"@id":"https:\/\/www.slow-tourisme-lab.fr\/fr\/#website"},"primaryImageOfPage":{"@id":"https:\/\/www.slow-tourisme-lab.fr\/fr\/universites-du-tourisme-durable-a-troyes-8-et-9-octobre-2020\/#primaryimage"},"image":{"@id":"https:\/\/www.slow-tourisme-lab.fr\/fr\/universites-du-tourisme-durable-a-troyes-8-et-9-octobre-2020\/#primaryimage"},"thumbnailUrl":"https:\/\/www.slow-tourisme-lab.fr\/assets\/uploads\/sites\/50\/2020\/09\/universit\u00e9-du-tourisme-durable.png","datePublished":"2020-09-11T07:42:34+00:00","dateModified":"2024-11-07T14:20:10+00:00","author":{"@id":"https:\/\/www.slow-tourisme-lab.fr\/fr\/#\/schema\/person\/6108de5c98ac4a199724cea57f965d21"},"breadcrumb":{"@id":"https:\/\/www.slow-tourisme-lab.fr\/fr\/universites-du-tourisme-durable-a-troyes-8-et-9-octobre-2020\/#breadcrumb"},"inLanguage":"fr-FR","potentialAction":[{"@type":"ReadAction","target":["https:\/\/www.slow-tourisme-lab.fr\/fr\/universites-du-tourisme-durable-a-troyes-8-et-9-octobre-2020\/"]}]},{"@type":"ImageObject","inLanguage":"fr-FR","@id":"https:\/\/www.slow-tourisme-lab.fr\/fr\/universites-du-tourisme-durable-a-troyes-8-et-9-octobre-2020\/#primaryimage","url":"https:\/\/www.slow-tourisme-lab.fr\/assets\/uploads\/sites\/50\/2020\/09\/universit\u00e9-du-tourisme-durable.png","contentUrl":"https:\/\/www.slow-tourisme-lab.fr\/assets\/uploads\/sites\/50\/2020\/09\/universit\u00e9-du-tourisme-durable.png","width":600,"height":400},{"@type":"BreadcrumbList","@id":"https:\/\/www.slow-tourisme-lab.fr\/fr\/universites-du-tourisme-durable-a-troyes-8-et-9-octobre-2020\/#breadcrumb","itemListElement":[{"@type":"ListItem","position":1,"name":"Accueil","item":"https:\/\/www.slow-tourisme-lab.fr\/fr\/"},{"@type":"ListItem","position":2,"name":"Universit\u00e9s du Tourisme Durable \u00e0 Troyes 8 et 9 Octobre 2020"}]},{"@type":"WebSite","@id":"https:\/\/www.slow-tourisme-lab.fr\/fr\/#website","url":"https:\/\/www.slow-tourisme-lab.fr\/fr\/","name":"Slow Tourisme Lab","description":"Un accompagnement pour l'innovation touristique durable","potentialAction":[{"@type":"SearchAction","target":{"@type":"EntryPoint","urlTemplate":"https:\/\/www.slow-tourisme-lab.fr\/fr\/?s={search_term_string}"},"query-input":{"@type":"PropertyValueSpecification","valueRequired":true,"valueName":"search_term_string"}}],"inLanguage":"fr-FR"},{"@type":"Person","@id":"https:\/\/www.slow-tourisme-lab.fr\/fr\/#\/schema\/person\/6108de5c98ac4a199724cea57f965d21","name":"Gr\u00e9gory Davaillaud","image":{"@type":"ImageObject","inLanguage":"fr-FR","@id":"https:\/\/www.slow-tourisme-lab.fr\/fr\/#\/schema\/person\/image\/","url":"https:\/\/secure.gravatar.com\/avatar\/d4b73d14de4934a219cd6052ec79d4bf?s=96&d=mm&r=g","contentUrl":"https:\/\/secure.gravatar.com\/avatar\/d4b73d14de4934a219cd6052ec79d4bf?s=96&d=mm&r=g","caption":"Gr\u00e9gory Davaillaud"},"url":"https:\/\/www.slow-tourisme-lab.fr\/fr\/author\/cdtaubelynkware-com\/"}]}},"_links":{"self":[{"href":"https:\/\/www.slow-tourisme-lab.fr\/fr\/wp-json\/wp\/v2\/posts\/18030\/"}],"collection":[{"href":"https:\/\/www.slow-tourisme-lab.fr\/fr\/wp-json\/wp\/v2\/posts\/"}],"about":[{"href":"https:\/\/www.slow-tourisme-lab.fr\/fr\/wp-json\/wp\/v2\/types\/post\/"}],"author":[{"embeddable":true,"href":"https:\/\/www.slow-tourisme-lab.fr\/fr\/wp-json\/wp\/v2\/users\/43\/"}],"replies":[{"embeddable":true,"href":"https:\/\/www.slow-tourisme-lab.fr\/fr\/wp-json\/wp\/v2\/comments\/?post=18030"}],"version-history":[{"count":1,"href":"https:\/\/www.slow-tourisme-lab.fr\/fr\/wp-json\/wp\/v2\/posts\/18030\/revisions\/"}],"predecessor-version":[{"id":20561,"href":"https:\/\/www.slow-tourisme-lab.fr\/fr\/wp-json\/wp\/v2\/posts\/18030\/revisions\/20561\/"}],"wp:featuredmedia":[{"embeddable":true,"href":"https:\/\/www.slow-tourisme-lab.fr\/fr\/wp-json\/wp\/v2\/media\/18031\/"}],"wp:attachment":[{"href":"https:\/\/www.slow-tourisme-lab.fr\/fr\/wp-json\/wp\/v2\/media\/?parent=18030"}],"wp:term":[{"taxonomy":"category","embeddable":true,"href":"https:\/\/www.slow-tourisme-lab.fr\/fr\/wp-json\/wp\/v2\/categories\/?post=18030"},{"taxonomy":"post_tag","embeddable":true,"href":"https:\/\/www.slow-tourisme-lab.fr\/fr\/wp-json\/wp\/v2\/tags\/?post=18030"}],"curies":[{"name":"wp","href":"https:\/\/api.w.org\/{rel}","templated":true}]}}