{"id":17173,"date":"2019-10-23T15:56:54","date_gmt":"2019-10-23T13:56:54","guid":{"rendered":"https:\/\/www.slow-tourisme-lab.fr\/?p=17173"},"modified":"2019-10-23T16:55:34","modified_gmt":"2019-10-23T14:55:34","slug":"la-destination-vous-livre-son-top-5-pour-un-tourisme-responsable","status":"publish","type":"post","link":"https:\/\/www.slow-tourisme-lab.fr\/fr\/la-destination-vous-livre-son-top-5-pour-un-tourisme-responsable\/","title":{"rendered":"La destination vous livre son Top 5 pour un tourisme responsable"},"content":{"rendered":"<div class=\"wpb-content-wrapper\"><p>[vc_row css_animation=\u00a0\u00bb\u00a0\u00bb row_type=\u00a0\u00bbrow\u00a0\u00bb use_row_as_full_screen_section=\u00a0\u00bbno\u00a0\u00bb type=\u00a0\u00bbfull_width\u00a0\u00bb angled_section=\u00a0\u00bbno\u00a0\u00bb text_align=\u00a0\u00bbleft\u00a0\u00bb background_image_as_pattern=\u00a0\u00bbwithout_pattern\u00a0\u00bb][vc_column][vc_column_text]L\u2019Aube en Champagne vous invite \u00e0 d\u00e9couvrir la destination en version \u00ab slow tourisme \u00bb.<br \/>\nPour red\u00e9couvrir un tourisme plus responsable, pour vivre une exp\u00e9rience en s\u2019immergeant dans la vie du territoire et en partant \u00e0 la rencontre des acteurs qui font vivre cette destination. S\u00e9journer dans l\u2019Aube, c\u2019est la promesse d\u2019un s\u00e9jour \u00e0 votre rythme, \u00e0 seulement 1h30 de Paris.[\/vc_column_text][\/vc_column][\/vc_row][vc_row css_animation=\u00a0\u00bb\u00a0\u00bb row_type=\u00a0\u00bbrow\u00a0\u00bb use_row_as_full_screen_section=\u00a0\u00bbno\u00a0\u00bb type=\u00a0\u00bbfull_width\u00a0\u00bb angled_section=\u00a0\u00bbno\u00a0\u00bb text_align=\u00a0\u00bbleft\u00a0\u00bb background_image_as_pattern=\u00a0\u00bbwithout_pattern\u00a0\u00bb][vc_column][vc_empty_space][vc_column_text]<\/p>\n<h1>Envie de rencontres authentiques ?<\/h1>\n<h1>Choisissez ces start-ups qui mettent en avant le tourisme rural<\/h1>\n<p>[\/vc_column_text][\/vc_column][\/vc_row][vc_row css_animation=\u00a0\u00bb\u00a0\u00bb row_type=\u00a0\u00bbrow\u00a0\u00bb use_row_as_full_screen_section=\u00a0\u00bbno\u00a0\u00bb type=\u00a0\u00bbfull_width\u00a0\u00bb angled_section=\u00a0\u00bbno\u00a0\u00bb text_align=\u00a0\u00bbleft\u00a0\u00bb background_image_as_pattern=\u00a0\u00bbwithout_pattern\u00a0\u00bb][vc_column][vc_empty_space][vc_column_text]<\/p>\n<h2>Deux startups qui vous proposent des solutions pour des activit\u00e9s durables<\/h2>\n<p>Pour des d\u00e9couvertes en pleine nature et des rencontres privil\u00e9gi\u00e9es avec les acteurs du\u00a0 territoire, la startup <strong><a href=\"https:\/\/aucoeurdespaysans.org\" target=\"_blank\" rel=\"noopener noreferrer\">Au Coeur des Paysans<\/a><\/strong> vous propose des parcours de randonn\u00e9e hors des sentiers battus, qui vous m\u00e8neront chez des agriculteurs et producteurs aubois. Sous forme de boucles, ces parcours vous promettent des paysages vari\u00e9s et enchanteurs, des vignes de la C\u00f4te des Bar au Parc naturel r\u00e9gional de la For\u00eat d\u2019Orient.<\/p>\n<p>La startup vous accompagne dans la cr\u00e9ation de votre s\u00e9jour, selon vos envies. Profitez de votre s\u00e9jour dans l\u2019Aube en Champagne au travers d\u2019activit\u00e9s en accord avec vos envies du moment (MOOD). Pas facile de trouver l\u2019activit\u00e9 ou le site qui correspond \u00e0 votre humeur du jour&#8230; La startup <strong><a href=\"https:\/\/moodyx.com\/\" target=\"_blank\" rel=\"noopener noreferrer\">Moodyx<\/a><\/strong> fait le travail pour vous et vous propose des activit\u00e9s personnalis\u00e9es. Elle vous sugg\u00e8re des \u00e9v\u00e9nements, id\u00e9es de sorties et activit\u00e9s en lien avec le terroir aubois, la nature, le sport ou encore la culture. Vous \u00eates plut\u00f4t \u00ab 100% tourisme durable \u00bb, \u00ab 100% local \u00bb, \u00ab tranquille p\u00e9p\u00e8re \u00bb, \u00e0 la recherche d\u2019une \u00ab escapade romantique \u00bb ou d\u2019un moment pour faire \u00ab le plein de sensations \u00bb, l\u2019application vous d\u00e9livre ses bons plans.<\/p>\n<p>[\/vc_column_text][vc_empty_space][vc_single_image image=\u00a0\u00bb17174&Prime; img_size=\u00a0\u00bbmedium\u00a0\u00bb alignment=\u00a0\u00bbcenter\u00a0\u00bb qode_css_animation=\u00a0\u00bb\u00a0\u00bb][\/vc_column][\/vc_row][vc_row css_animation=\u00a0\u00bb\u00a0\u00bb row_type=\u00a0\u00bbrow\u00a0\u00bb use_row_as_full_screen_section=\u00a0\u00bbno\u00a0\u00bb type=\u00a0\u00bbfull_width\u00a0\u00bb angled_section=\u00a0\u00bbno\u00a0\u00bb text_align=\u00a0\u00bbleft\u00a0\u00bb background_image_as_pattern=\u00a0\u00bbwithout_pattern\u00a0\u00bb][vc_column][vc_empty_space][vc_column_text]<\/p>\n<h1>Des sites touristiques soucieux de l\u2019environnement<\/h1>\n<p>[\/vc_column_text][vc_empty_space][vc_column_text]Dans un monde toujours plus press\u00e9, le Slow Tourisme se pose comme l\u2019art de prendre son temps. Les acteurs qui font vivre cette destination touristique ont pris conscience de l\u2019importance de proposer des moments de d\u00e9connexion, mais connect\u00e9s \u00e0 la nature. Ils vous invitent \u00e0 d\u00e9couvrir des lieux berc\u00e9s par les traditions et les innovations durables[\/vc_column_text][vc_column_text]<\/p>\n<h2>Deux sites \u00e0 d\u00e9couvrir si vous souhaitez vivre un moment hors du temps<\/h2>\n<p>[\/vc_column_text][vc_empty_space][vc_column_text]L\u2019art de suspendre le temps \u00bb, c\u2019est<strong> <a href=\"https:\/\/moulinaventchampenois.fr\/\" target=\"_blank\" rel=\"noopener noreferrer\">au moulin \u00e0 vent de Dosches<\/a><\/strong>, situ\u00e9 au milieu d\u2019une nature bucolique dans le Parc naturel r\u00e9gional de la For\u00eat d\u2019Orient. D\u2019abord cr\u00e9\u00e9 pour promouvoir le patrimoine r\u00e9gional, Gr\u00e9gory et Ga\u00eblle vous invitent \u00e0 d\u00e9couvrir leur magnifique moulin en bois toujours en fonctionnement pour la confection de farine locale, leur jardin aux milles plantes et leur jardin potager en permaculture.<\/p>\n<p>Et parce que sensations fortes peuvent rimer avec douceur de vivre, <strong><a href=\"https:\/\/www.nigloland.fr\/\" target=\"_blank\" rel=\"noopener noreferrer\">le parc d\u2019attractions Nigloland<\/a><\/strong> vous invite le temps d\u2019une journ\u00e9e \u00e0 d\u00e9couvrir 39 attractions dans un cadre naturel verdoyant. D\u00e9paysement garanti dans ce parc qui accorde une importance \u00e0 son impact environnemental (gestion \u00e9cologique des espaces verts, r\u00e9habilitation de b\u00e2timents historiques, appel \u00e0 des fournisseurs locaux, d\u00e9cors issus de l\u2019agriculture locale\u2026).[\/vc_column_text][vc_empty_space][vc_gallery type=\u00a0\u00bbimage_grid\u00a0\u00bb images=\u00a0\u00bb17176,17178&Prime; img_size=\u00a0\u00bbmedium\u00a0\u00bb onclick=\u00a0\u00bb\u00a0\u00bb column_number=\u00a0\u00bb2&Prime; grayscale=\u00a0\u00bbno\u00a0\u00bb images_space=\u00a0\u00bbgallery_without_space\u00a0\u00bb][\/vc_column][\/vc_row][vc_row css_animation=\u00a0\u00bb\u00a0\u00bb row_type=\u00a0\u00bbrow\u00a0\u00bb use_row_as_full_screen_section=\u00a0\u00bbno\u00a0\u00bb type=\u00a0\u00bbfull_width\u00a0\u00bb angled_section=\u00a0\u00bbno\u00a0\u00bb text_align=\u00a0\u00bbleft\u00a0\u00bb background_image_as_pattern=\u00a0\u00bbwithout_pattern\u00a0\u00bb][vc_column][vc_empty_space][vc_column_text]<\/p>\n<h1>Immersion 100% Nature dans le Parc Naturel r\u00e9gional de la For\u00eat d\u2019Orient<\/h1>\n<p>[\/vc_column_text][vc_empty_space][vc_column_text]Poumon vert situ\u00e9 \u00e0 2h de la capitale, le <strong><a href=\"http:\/\/www.pnr-foret-orient.fr\/fr\/content\/pnrfo\" target=\"_blank\" rel=\"noopener noreferrer\">Parc naturel r\u00e9gional de la For\u00eat d\u2019Orient<\/a><\/strong> est une invitation \u00e0 la nature et aux activit\u00e9s responsables. Seul, en famille ou en groupe, une multitude de possibilit\u00e9s s\u2019offre aux visiteurs ; d\u00e9couverte et sensibilisation \u00e0 la pr\u00e9servation de la faune et de<br \/>\nla flore, visites culturelles et patrimoniales, activit\u00e9s sportives\u2026[\/vc_column_text][vc_empty_space][vc_column_text]<\/p>\n<h2>Comment profiter pleinement de votre s\u00e9jour dans le Parc naturel r\u00e9gional de la For\u00eat d\u2019Orient ?<\/h2>\n<p>En privil\u00e9giant la mobilit\u00e9 douce, en v\u00e9lo sur la v\u00e9lovoie des lacs ou en kayak pour des balades en for\u00eat immerg\u00e9e d\u00e8s l\u2019arriv\u00e9e des beaux jours. L\u2019id\u00e9al pour percer les secrets de ce territoire au rythme de ses envies.<\/p>\n<p>Pendant votre balade sur la v\u00e9lovoie, prenez le temps de vous arr\u00eater quelques minutes pour appr\u00e9cier la migration des grues cendr\u00e9es sur les lacs. D\u2019octobre \u00e0 novembre, puis en f\u00e9vrier, ces animaux sauvages se donnent rendez-vous sur la digue du Lac du Temple pour un grand spectacle au coucher du soleil.<br \/>\n\u00a9 CDT[\/vc_column_text][\/vc_column][\/vc_row][vc_row css_animation=\u00a0\u00bb\u00a0\u00bb row_type=\u00a0\u00bbrow\u00a0\u00bb use_row_as_full_screen_section=\u00a0\u00bbno\u00a0\u00bb type=\u00a0\u00bbfull_width\u00a0\u00bb angled_section=\u00a0\u00bbno\u00a0\u00bb text_align=\u00a0\u00bbleft\u00a0\u00bb background_image_as_pattern=\u00a0\u00bbwithout_pattern\u00a0\u00bb z_index=\u00a0\u00bb\u00a0\u00bb][vc_column width=\u00a0\u00bb1\/4&Prime;][\/vc_column][vc_column width=\u00a0\u00bb1\/2&Prime;]<a id=\"popupcp\" itemprop=\"url\" href=\"\" target=\"_self\"  class=\"qbutton  medium center enlarge  qode-button-shadow\" style=\"background-color: #1e73be;\">Lire la suite<\/a>[\/vc_column][vc_column width=\u00a0\u00bb1\/4&Prime;][\/vc_column][\/vc_row]<\/p>\n<\/div>","protected":false},"excerpt":{"rendered":"<p>L\u2019Aube en Champagne vous invite \u00e0 d\u00e9couvrir la destination en version \u00ab slow tourisme \u00bb.Pour red\u00e9couvrir un tourisme plus responsable, pour vivre une exp\u00e9rience en s\u2019immergeant dans la vie du territoire et en partant \u00e0 la rencontre des acteurs qui font vivre cette destination. S\u00e9journer dans l\u2019Aube, c\u2019est la promesse d\u2019un s\u00e9jour \u00e0 votre rythme, \u00e0 seulement 1h30 de Paris.<\/p>\n","protected":false},"author":16,"featured_media":17174,"comment_status":"closed","ping_status":"closed","sticky":false,"template":"","format":"standard","meta":{"wds_primary_category":0,"footnotes":""},"categories":[141],"tags":[],"class_list":["post-17173","post","type-post","status-publish","format-standard","has-post-thumbnail","hentry","category-communiques-de-presse"],"yoast_head":"<!-- This site is optimized with the Yoast SEO plugin v26.6 - https:\/\/yoast.com\/wordpress\/plugins\/seo\/ -->\n<title>La destination vous livre son Top 5 pour un tourisme responsable - Slow Tourisme Lab<\/title>\n<meta name=\"robots\" content=\"index, follow, max-snippet:-1, max-image-preview:large, max-video-preview:-1\" \/>\n<link rel=\"canonical\" href=\"https:\/\/www.slow-tourisme-lab.fr\/fr\/la-destination-vous-livre-son-top-5-pour-un-tourisme-responsable\/\" \/>\n<meta property=\"og:locale\" content=\"fr_FR\" \/>\n<meta property=\"og:type\" content=\"article\" \/>\n<meta property=\"og:title\" content=\"La destination vous livre son Top 5 pour un tourisme responsable - Slow Tourisme Lab\" \/>\n<meta property=\"og:description\" content=\"L\u2019Aube en Champagne vous invite \u00e0 d\u00e9couvrir la destination en version \u00ab slow tourisme \u00bb.Pour red\u00e9couvrir un tourisme plus responsable, pour vivre une exp\u00e9rience en s\u2019immergeant dans la vie du territoire et en partant \u00e0 la rencontre des acteurs qui font vivre cette destination. S\u00e9journer dans l\u2019Aube, c\u2019est la promesse d\u2019un s\u00e9jour \u00e0 votre rythme, \u00e0 seulement 1h30 de Paris.\" \/>\n<meta property=\"og:url\" content=\"https:\/\/www.slow-tourisme-lab.fr\/fr\/la-destination-vous-livre-son-top-5-pour-un-tourisme-responsable\/\" \/>\n<meta property=\"og:site_name\" content=\"Slow Tourisme Lab\" \/>\n<meta property=\"article:published_time\" content=\"2019-10-23T13:56:54+00:00\" \/>\n<meta property=\"article:modified_time\" content=\"2019-10-23T14:55:34+00:00\" \/>\n<meta property=\"og:image\" content=\"https:\/\/www.slow-tourisme-lab.fr\/assets\/uploads\/sites\/50\/2019\/10\/2018-07-28-15.31.15-HDR-e1571842464803.jpg\" \/>\n\t<meta property=\"og:image:width\" content=\"1000\" \/>\n\t<meta property=\"og:image:height\" content=\"750\" \/>\n\t<meta property=\"og:image:type\" content=\"image\/jpeg\" \/>\n<meta name=\"author\" content=\"Gr\u00e9gory\" \/>\n<meta name=\"twitter:card\" content=\"summary_large_image\" \/>\n<meta name=\"twitter:label1\" content=\"\u00c9crit par\" \/>\n\t<meta name=\"twitter:data1\" content=\"Gr\u00e9gory\" \/>\n\t<meta name=\"twitter:label2\" content=\"Dur\u00e9e de lecture estim\u00e9e\" \/>\n\t<meta name=\"twitter:data2\" content=\"5 minutes\" \/>\n<script type=\"application\/ld+json\" class=\"yoast-schema-graph\">{\"@context\":\"https:\/\/schema.org\",\"@graph\":[{\"@type\":\"WebPage\",\"@id\":\"https:\/\/www.slow-tourisme-lab.fr\/fr\/la-destination-vous-livre-son-top-5-pour-un-tourisme-responsable\/\",\"url\":\"https:\/\/www.slow-tourisme-lab.fr\/fr\/la-destination-vous-livre-son-top-5-pour-un-tourisme-responsable\/\",\"name\":\"La destination vous livre son Top 5 pour un tourisme responsable - Slow Tourisme Lab\",\"isPartOf\":{\"@id\":\"https:\/\/www.slow-tourisme-lab.fr\/fr\/#website\"},\"primaryImageOfPage\":{\"@id\":\"https:\/\/www.slow-tourisme-lab.fr\/fr\/la-destination-vous-livre-son-top-5-pour-un-tourisme-responsable\/#primaryimage\"},\"image\":{\"@id\":\"https:\/\/www.slow-tourisme-lab.fr\/fr\/la-destination-vous-livre-son-top-5-pour-un-tourisme-responsable\/#primaryimage\"},\"thumbnailUrl\":\"https:\/\/www.slow-tourisme-lab.fr\/assets\/uploads\/sites\/50\/2019\/10\/2018-07-28-15.31.15-HDR-e1571842464803.jpg\",\"datePublished\":\"2019-10-23T13:56:54+00:00\",\"dateModified\":\"2019-10-23T14:55:34+00:00\",\"author\":{\"@id\":\"https:\/\/www.slow-tourisme-lab.fr\/fr\/#\/schema\/person\/595f93c9576a361df0fba6739e83e6c7\"},\"breadcrumb\":{\"@id\":\"https:\/\/www.slow-tourisme-lab.fr\/fr\/la-destination-vous-livre-son-top-5-pour-un-tourisme-responsable\/#breadcrumb\"},\"inLanguage\":\"fr-FR\",\"potentialAction\":[{\"@type\":\"ReadAction\",\"target\":[\"https:\/\/www.slow-tourisme-lab.fr\/fr\/la-destination-vous-livre-son-top-5-pour-un-tourisme-responsable\/\"]}]},{\"@type\":\"ImageObject\",\"inLanguage\":\"fr-FR\",\"@id\":\"https:\/\/www.slow-tourisme-lab.fr\/fr\/la-destination-vous-livre-son-top-5-pour-un-tourisme-responsable\/#primaryimage\",\"url\":\"https:\/\/www.slow-tourisme-lab.fr\/assets\/uploads\/sites\/50\/2019\/10\/2018-07-28-15.31.15-HDR-e1571842464803.jpg\",\"contentUrl\":\"https:\/\/www.slow-tourisme-lab.fr\/assets\/uploads\/sites\/50\/2019\/10\/2018-07-28-15.31.15-HDR-e1571842464803.jpg\",\"width\":1000,\"height\":750},{\"@type\":\"BreadcrumbList\",\"@id\":\"https:\/\/www.slow-tourisme-lab.fr\/fr\/la-destination-vous-livre-son-top-5-pour-un-tourisme-responsable\/#breadcrumb\",\"itemListElement\":[{\"@type\":\"ListItem\",\"position\":1,\"name\":\"Accueil\",\"item\":\"https:\/\/www.slow-tourisme-lab.fr\/fr\/\"},{\"@type\":\"ListItem\",\"position\":2,\"name\":\"La destination vous livre son Top 5 pour un tourisme responsable\"}]},{\"@type\":\"WebSite\",\"@id\":\"https:\/\/www.slow-tourisme-lab.fr\/fr\/#website\",\"url\":\"https:\/\/www.slow-tourisme-lab.fr\/fr\/\",\"name\":\"Slow Tourisme Lab\",\"description\":\"Un accompagnement pour l'innovation touristique durable\",\"potentialAction\":[{\"@type\":\"SearchAction\",\"target\":{\"@type\":\"EntryPoint\",\"urlTemplate\":\"https:\/\/www.slow-tourisme-lab.fr\/fr\/?s={search_term_string}\"},\"query-input\":{\"@type\":\"PropertyValueSpecification\",\"valueRequired\":true,\"valueName\":\"search_term_string\"}}],\"inLanguage\":\"fr-FR\"},{\"@type\":\"Person\",\"@id\":\"https:\/\/www.slow-tourisme-lab.fr\/fr\/#\/schema\/person\/595f93c9576a361df0fba6739e83e6c7\",\"name\":\"Gr\u00e9gory\",\"image\":{\"@type\":\"ImageObject\",\"inLanguage\":\"fr-FR\",\"@id\":\"https:\/\/www.slow-tourisme-lab.fr\/fr\/#\/schema\/person\/image\/\",\"url\":\"https:\/\/secure.gravatar.com\/avatar\/da9dac04633f4d6a61a86f9a721bbee5?s=96&d=mm&r=g\",\"contentUrl\":\"https:\/\/secure.gravatar.com\/avatar\/da9dac04633f4d6a61a86f9a721bbee5?s=96&d=mm&r=g\",\"caption\":\"Gr\u00e9gory\"},\"url\":\"https:\/\/www.slow-tourisme-lab.fr\/fr\/author\/gregory-davaillaudaube-champagne-com\/\"}]}<\/script>\n<!-- \/ Yoast SEO plugin. -->","yoast_head_json":{"title":"La destination vous livre son Top 5 pour un tourisme responsable - Slow Tourisme Lab","robots":{"index":"index","follow":"follow","max-snippet":"max-snippet:-1","max-image-preview":"max-image-preview:large","max-video-preview":"max-video-preview:-1"},"canonical":"https:\/\/www.slow-tourisme-lab.fr\/fr\/la-destination-vous-livre-son-top-5-pour-un-tourisme-responsable\/","og_locale":"fr_FR","og_type":"article","og_title":"La destination vous livre son Top 5 pour un tourisme responsable - Slow Tourisme Lab","og_description":"L\u2019Aube en Champagne vous invite \u00e0 d\u00e9couvrir la destination en version \u00ab slow tourisme \u00bb.Pour red\u00e9couvrir un tourisme plus responsable, pour vivre une exp\u00e9rience en s\u2019immergeant dans la vie du territoire et en partant \u00e0 la rencontre des acteurs qui font vivre cette destination. S\u00e9journer dans l\u2019Aube, c\u2019est la promesse d\u2019un s\u00e9jour \u00e0 votre rythme, \u00e0 seulement 1h30 de Paris.","og_url":"https:\/\/www.slow-tourisme-lab.fr\/fr\/la-destination-vous-livre-son-top-5-pour-un-tourisme-responsable\/","og_site_name":"Slow Tourisme Lab","article_published_time":"2019-10-23T13:56:54+00:00","article_modified_time":"2019-10-23T14:55:34+00:00","og_image":[{"width":1000,"height":750,"url":"https:\/\/www.slow-tourisme-lab.fr\/assets\/uploads\/sites\/50\/2019\/10\/2018-07-28-15.31.15-HDR-e1571842464803.jpg","type":"image\/jpeg"}],"author":"Gr\u00e9gory","twitter_card":"summary_large_image","twitter_misc":{"\u00c9crit par":"Gr\u00e9gory","Dur\u00e9e de lecture estim\u00e9e":"5 minutes"},"schema":{"@context":"https:\/\/schema.org","@graph":[{"@type":"WebPage","@id":"https:\/\/www.slow-tourisme-lab.fr\/fr\/la-destination-vous-livre-son-top-5-pour-un-tourisme-responsable\/","url":"https:\/\/www.slow-tourisme-lab.fr\/fr\/la-destination-vous-livre-son-top-5-pour-un-tourisme-responsable\/","name":"La destination vous livre son Top 5 pour un tourisme responsable - Slow Tourisme Lab","isPartOf":{"@id":"https:\/\/www.slow-tourisme-lab.fr\/fr\/#website"},"primaryImageOfPage":{"@id":"https:\/\/www.slow-tourisme-lab.fr\/fr\/la-destination-vous-livre-son-top-5-pour-un-tourisme-responsable\/#primaryimage"},"image":{"@id":"https:\/\/www.slow-tourisme-lab.fr\/fr\/la-destination-vous-livre-son-top-5-pour-un-tourisme-responsable\/#primaryimage"},"thumbnailUrl":"https:\/\/www.slow-tourisme-lab.fr\/assets\/uploads\/sites\/50\/2019\/10\/2018-07-28-15.31.15-HDR-e1571842464803.jpg","datePublished":"2019-10-23T13:56:54+00:00","dateModified":"2019-10-23T14:55:34+00:00","author":{"@id":"https:\/\/www.slow-tourisme-lab.fr\/fr\/#\/schema\/person\/595f93c9576a361df0fba6739e83e6c7"},"breadcrumb":{"@id":"https:\/\/www.slow-tourisme-lab.fr\/fr\/la-destination-vous-livre-son-top-5-pour-un-tourisme-responsable\/#breadcrumb"},"inLanguage":"fr-FR","potentialAction":[{"@type":"ReadAction","target":["https:\/\/www.slow-tourisme-lab.fr\/fr\/la-destination-vous-livre-son-top-5-pour-un-tourisme-responsable\/"]}]},{"@type":"ImageObject","inLanguage":"fr-FR","@id":"https:\/\/www.slow-tourisme-lab.fr\/fr\/la-destination-vous-livre-son-top-5-pour-un-tourisme-responsable\/#primaryimage","url":"https:\/\/www.slow-tourisme-lab.fr\/assets\/uploads\/sites\/50\/2019\/10\/2018-07-28-15.31.15-HDR-e1571842464803.jpg","contentUrl":"https:\/\/www.slow-tourisme-lab.fr\/assets\/uploads\/sites\/50\/2019\/10\/2018-07-28-15.31.15-HDR-e1571842464803.jpg","width":1000,"height":750},{"@type":"BreadcrumbList","@id":"https:\/\/www.slow-tourisme-lab.fr\/fr\/la-destination-vous-livre-son-top-5-pour-un-tourisme-responsable\/#breadcrumb","itemListElement":[{"@type":"ListItem","position":1,"name":"Accueil","item":"https:\/\/www.slow-tourisme-lab.fr\/fr\/"},{"@type":"ListItem","position":2,"name":"La destination vous livre son Top 5 pour un tourisme responsable"}]},{"@type":"WebSite","@id":"https:\/\/www.slow-tourisme-lab.fr\/fr\/#website","url":"https:\/\/www.slow-tourisme-lab.fr\/fr\/","name":"Slow Tourisme Lab","description":"Un accompagnement pour l'innovation touristique durable","potentialAction":[{"@type":"SearchAction","target":{"@type":"EntryPoint","urlTemplate":"https:\/\/www.slow-tourisme-lab.fr\/fr\/?s={search_term_string}"},"query-input":{"@type":"PropertyValueSpecification","valueRequired":true,"valueName":"search_term_string"}}],"inLanguage":"fr-FR"},{"@type":"Person","@id":"https:\/\/www.slow-tourisme-lab.fr\/fr\/#\/schema\/person\/595f93c9576a361df0fba6739e83e6c7","name":"Gr\u00e9gory","image":{"@type":"ImageObject","inLanguage":"fr-FR","@id":"https:\/\/www.slow-tourisme-lab.fr\/fr\/#\/schema\/person\/image\/","url":"https:\/\/secure.gravatar.com\/avatar\/da9dac04633f4d6a61a86f9a721bbee5?s=96&d=mm&r=g","contentUrl":"https:\/\/secure.gravatar.com\/avatar\/da9dac04633f4d6a61a86f9a721bbee5?s=96&d=mm&r=g","caption":"Gr\u00e9gory"},"url":"https:\/\/www.slow-tourisme-lab.fr\/fr\/author\/gregory-davaillaudaube-champagne-com\/"}]}},"_links":{"self":[{"href":"https:\/\/www.slow-tourisme-lab.fr\/fr\/wp-json\/wp\/v2\/posts\/17173\/"}],"collection":[{"href":"https:\/\/www.slow-tourisme-lab.fr\/fr\/wp-json\/wp\/v2\/posts\/"}],"about":[{"href":"https:\/\/www.slow-tourisme-lab.fr\/fr\/wp-json\/wp\/v2\/types\/post\/"}],"author":[{"embeddable":true,"href":"https:\/\/www.slow-tourisme-lab.fr\/fr\/wp-json\/wp\/v2\/users\/16\/"}],"replies":[{"embeddable":true,"href":"https:\/\/www.slow-tourisme-lab.fr\/fr\/wp-json\/wp\/v2\/comments\/?post=17173"}],"version-history":[{"count":0,"href":"https:\/\/www.slow-tourisme-lab.fr\/fr\/wp-json\/wp\/v2\/posts\/17173\/revisions\/"}],"wp:featuredmedia":[{"embeddable":true,"href":"https:\/\/www.slow-tourisme-lab.fr\/fr\/wp-json\/wp\/v2\/media\/17174\/"}],"wp:attachment":[{"href":"https:\/\/www.slow-tourisme-lab.fr\/fr\/wp-json\/wp\/v2\/media\/?parent=17173"}],"wp:term":[{"taxonomy":"category","embeddable":true,"href":"https:\/\/www.slow-tourisme-lab.fr\/fr\/wp-json\/wp\/v2\/categories\/?post=17173"},{"taxonomy":"post_tag","embeddable":true,"href":"https:\/\/www.slow-tourisme-lab.fr\/fr\/wp-json\/wp\/v2\/tags\/?post=17173"}],"curies":[{"name":"wp","href":"https:\/\/api.w.org\/{rel}","templated":true}]}}